{"id":2025,"date":"2026-01-05T08:00:00","date_gmt":"2026-01-05T07:00:00","guid":{"rendered":"https:\/\/civilaction.net\/?p=2025"},"modified":"2026-01-05T07:23:13","modified_gmt":"2026-01-05T06:23:13","slug":"newsletter-december-2025-2","status":"publish","type":"post","link":"https:\/\/civilaction.net\/de\/2026\/01\/newsletter-december-2025-2\/","title":{"rendered":"Januar 2026 Newsletter"},"content":{"rendered":"<p>Liebe Leserinnen und Leser,&nbsp;<\/p>\n\n\n\n<p>hier schreibt Jonas zu Beginn eines neuen Jahres. Ich m\u00f6chte hiermit meine Freude und Zufriedenheit mit dir teilen \u2013 \u00fcber das, was wir im letzten Jahr gemeinsam erreicht haben, sowie \u00fcber unsere Gedanken und Fragen zur Zukunft.<\/p>\n\n\n\n<p>Dieser Newsletter ist etwas l\u00e4nger als \u00fcblich, aber wir wollten dir einen umfassenderen \u00dcberblick \u00fcber die aktuellen Entwicklungen geben. Nachfolgend findest du wie gewohnt einen Ausblick auf bevorstehende Veranstaltungen und einen R\u00fcckblick auf die Ereignisse des letzten Monats.<\/p>\n\n\n\n<p><strong>2025 war nicht nur f\u00fcr CAN ein ereignisreiches Jahr.&nbsp;<\/strong><\/p>\n\n\n\n<p>\u00d6sterreich hat eine neue Regierung bekommen, Spannungen und Konflikte sind nach wie vor allgegenw\u00e4rtig, und im letzten Jahr haben wir zum ersten Mal die Auswirkungen von K\u00fcrzungen im Non-Profit-Sektor zu sp\u00fcren bekommen.<\/p>\n\n\n\n<p>Dieser R\u00fcckgang der verf\u00fcgbaren Ressourcen f\u00e4llt mit einer Zunahme des Gef\u00fchls der politischen Entmachtung in \u00d6sterreich und der wahrgenommenen politischen Polarisierung zusammen.&nbsp;<\/p>\n\n\n\n<p>In diesem Umfeld standen wir vor der Herausforderung, unsere langfristig ausgerichteten, geplanten Angebote f\u00fcr zivilgesellschaftliche Akteur*innen und die F\u00f6rderung der Beteiligung politisch unengagierter Gruppen mit kurzfristigen Unterst\u00fctzungsanfragen aktiver Gruppen und langfristig ausgerichteter \u201eHintergrundarbeit\u201d (mehr dazu sp\u00e4ter) in Einklang zu bringen.<\/p>\n\n\n\n<p>Hinzu kam, dass zwei von f\u00fcnf Mitglieder*innen unseres Kernteams in der zweiten Jahresh\u00e4lfte aus gesundheitlichen Gr\u00fcnden eine l\u00e4ngere Auszeit nehmen mussten.<\/p>\n\n\n\n<p><strong>Trotz all dieser Herausforderungen haben wir in diesem Jahr viel erreicht.&nbsp;<\/strong><\/p>\n\n\n\n<p>Unser Verein ist auf 22 formelle Mitglieder*innen angewachsen.&nbsp;<\/p>\n\n\n\n<p>Mehr als 50 Freiwillige haben uns dabei geholfen, unsere Arbeit in diesem Jahr zu verwirklichen.<\/p>\n\n\n\n<p><strong>Besonderer Dank gilt: Daniela, Greta, Miri, Joost, Laura, Nicole, Merle, Tamara, Lennart, Joscha, Caro, Fricka, Alois, Micol, Daniel, R\u00e9ka und Melody \u2013 vielen Dank, dass ihr so konsequent dabei wart und all dies m\u00f6glich gemacht habt!&nbsp;<\/strong><\/p>\n\n\n\n<p><strong>Gemeinsam haben wir\u2026<\/strong><br>\u2026 150 Menschen aus der \u00f6sterreichischen Zivilgesellschaft aus \u00fcber 30 Initiativen im Rahmen von 2 Cross-Movement Open Space Veranstaltungen vernetzt.<br>\u2026 mit rund 250 jungen Menschen im Rahmen von 22 Workshops in Schulen und Jugendzentren \u00fcber Demokratie und B\u00fcrgerbeteiligung gesprochen.<br>\u2026 fast 70 Graswurzel-Aktivist*innen dabei unterst\u00fctzt, ihre Leadership-Kompetenzen in 3 mehrt\u00e4gigen Trainings sowie 10 Online-Workshops zu vertiefen.<br>\u2026 7 Wochen lang 4 Parks in Wien belebt und \u00fcber 700 Menschen in unsere Bewegungsaktivit\u00e4ten eingebunden, sowie weitere 1.500 Menschen in Gespr\u00e4che \u00fcber den \u00f6ffentlichen Raum einbezogen.<br>\u2026 in ganz \u00d6sterreich Haust\u00fcrgespr\u00e4che gef\u00fchrt, um zu 4 europ\u00e4ischen B\u00fcrger*innenr\u00e4ten einzuladen, mit \u00fcber 1.000 Menschen \u00fcber Partizipation und direkte Demokratie gesprochen und 15 Menschen die M\u00f6glichkeit gegeben, nach Br\u00fcssel zu reisen und direkt zur EU-Politik beizutragen.<br>\u2026 im Rahmen von 11 monatlichen Treffen R\u00e4ume f\u00fcr Begegnungen in der CAN-Community geschaffen.<br>\u2026 im Rahmen von 6 Einlegeworkshops die Verschwendung von Gem\u00fcse verhindert und 90 junge Menschen in Diskussionen \u00fcber Lebensmittelverschwendung eingebunden.<br>\u2026 im Rahmen von 5 Schulungen, Moderationen oder Beratungen 4 Aktivist*innengruppen unterst\u00fctzt.<br>\u2026 dem \u00d6sterreichischen Netzwerk Zivilgesellschaft (\u00d6NZ), dem Fundraising Verband Austria (FVA) und dem B\u00fcndnis f\u00fcr Gemeinn\u00fctzigkeit beigetreten.<\/p>\n\n\n\n<p><strong>Unterm Strich bedeutet dies, dass wir in diesem Jahr 105 Aktivit\u00e4ten durchgef\u00fchrt und mehr als 3.700 Menschen erreicht haben.&nbsp;<\/strong><\/p>\n\n\n\n<p><strong>Nochmals vielen Dank an alle, die dies erm\u00f6glicht haben \u2013 sei es durch ihre Mitarbeit, durch Spenden oder einfach dadurch, dass sie vorbeigekommen sind und uns gesagt haben: \u201eEure Arbeit ist wichtig.\u201c<\/strong><\/p>\n\n\n\n<p><strong>Wie geht es weiter?<\/strong><\/p>\n\n\n\n<p>Das dritte Jahrzehnt des 21. Jahrhunderts ist eine turbulente Zeit. Das Gef\u00fchl zunehmender Unsicherheit macht vielen von uns Angst. In dieser Zeit versuchen wir uns an den Rat der verstorbenen Umweltaktivistin und spirituellen Leitfigur Joanna Macy zu erinnern. Auf die Frage, ob es noch Hoffnung gibt, antwortet Joanna, dass \u00fcberall dort, wo Unsicherheit herrscht, auch die M\u00f6glichkeit f\u00fcr eine positive Ver\u00e4nderung besteht. Wir k\u00f6nnen uns von der Unsicherheit \u00fcberw\u00e4ltigen lassen oder uns daf\u00fcr entscheiden, diese M\u00f6glichkeit zu suchen \u2013 das bezeichnete sie als \u201eaktive Hoffnung\u201d. Nicht nur zu warten und auf eine bessere Zukunft hoffen, sondern zu sagen: Ich werde mein Gewicht, so gering es auch sein mag, in die Waagschale der Geschichte werfen, zugunsten einer Welt, die alles Leben achtet, in der wir uns als Menschen \u00fcber Grenzen hinweg begegnen k\u00f6nnen und in der wir uns um die Welt um uns herum k\u00fcmmern.<\/p>\n\n\n\n<p>Aktive Hoffnung zu praktizieren ist das, was wir jeden Tag bei CAN tun. Wir widmen uns der Aufgabe, Raum zu schaffen, in dem Menschen sich zu den Themen zusammenfinden k\u00f6nnen, die ihnen am meisten am Herzen liegen. Wir unterst\u00fctzen sie dabei, reale, greifbare Ver\u00e4nderungen zu formulieren, die sie sich f\u00fcr die Welt w\u00fcnschen, und zu lernen, wie sie die ihnen zur Verf\u00fcgung stehenden Ressourcen nutzen k\u00f6nnen, um diese Ver\u00e4nderungen zu erreichen. Das bedeutet f\u00fcr uns Zivilgesellschaft.<\/p>\n\n\n\n<p>Unsere Arbeit ist ein langwieriger Prozess. M\u00f6glicherweise werden wir die Fr\u00fcchte unserer Bem\u00fchungen um eine widerstandsf\u00e4higere und effektivere Zivilgesellschaft niemals selbst ernten. Denn Ver\u00e4nderungen im gro\u00dfen Ma\u00dfstab geschehen nie \u00fcber Nacht. Sie sind immer eine Anh\u00e4ufung unz\u00e4hliger Interaktionen, Gespr\u00e4che und Zusammenk\u00fcnfte, die langsam eine Dynamik in der Zivilgesellschaft aufbauen. Wir hoffen, diesen Prozess zu unterst\u00fctzen, indem wir Instrumente und Methoden weitergeben, die sich in der Vergangenheit bew\u00e4hrt haben, indem wir Raum f\u00fcr wichtige Gespr\u00e4che schaffen und indem wir mehr Menschen f\u00fcr die Zivilgesellschaft selbst gewinnen. Alle oben aufgef\u00fchrten Veranstaltungen und Aktivit\u00e4ten sind unser Beitrag in diese Richtung.<\/p>\n\n\n\n<p>In den kommenden Jahren wollen wir diese Arbeit weiter vertiefen und verbessern. Daf\u00fcr bauen wir unsere Kapazit\u00e4ten aus, um Menschen in unterschiedlichen Phasen ihres Engagements ein verl\u00e4sslicher Partner zu sein.<\/p>\n\n\n\n<p>F\u00fcr 2026 bedeutet das, einige unserer erfolgreichsten Veranstaltungen und Formate fortzuf\u00fchren und weiterzuentwickeln.<\/p>\n\n\n\n<p>Wir planen eine weitere Runde von Trainings f\u00fcr Aktivist*innen zu Leadership und wirksamen Organisations- und Mobilisierungsmethoden.<br><br>Wir werden die 6. Ausgabe von \u201eMeeting through Movement\u201c organisieren, den \u00f6ffentlichen Raum in Wien beleben und Menschen dazu einladen, miteinander in Kontakt zu kommen.<br><br>Zudem setzen wir unsere Arbeit mit jungen Menschen und Studierenden fort \u2013 mit Fokus auf politische Teilhabe und die Herausforderungen, die sie dabei erleben.<br><br>Es wird eine 7. Ausgabe des Cross-Movement Open Space geben.<br><br>Mit regelm\u00e4\u00dfigen Formaten wie CANTogether und CANGathering laden wir Mitglieder, Freund*innen und Freiwillige ein, sich zu vernetzen und sich noch intensiver einzubringen.<\/p>\n\n\n\n<p>Derzeit konzentrieren wir uns auf das Fundraising f\u00fcr dieses und die kommenden Jahre sowie auf die detaillierte Planung unserer zuk\u00fcnftigen Angebote und Programme. Wir informieren dich, sobald wir mehr Klarheit dar\u00fcber haben, wie du uns bei diesen Vorhaben unterst\u00fctzen k\u00f6nntest.<\/p>\n\n\n\n<p><strong>Der Ausbau unserer Kapazit\u00e4ten bedeutet auch viel Arbeit hinter den Kulissen.<\/strong><strong><br><\/strong>Dazu geh\u00f6rt die St\u00e4rkung unserer internen Strukturen, damit die am st\u00e4rksten involvierten Personen effektiver arbeiten k\u00f6nnen. Wir formalisieren unsere administrativen Systeme weiter und bauen unsere Kapazit\u00e4ten aus, um Kooperationspartner*innen bei der Umsetzung von Projekten unter dem Dach von CAN besser zu unterst\u00fctzen. Au\u00dferdem planen wir Besuche bei langj\u00e4hrigen Partnerorganisationen in ganz Europa, um die Zusammenarbeit zu vertiefen und neue Projekte zu entwickeln. Schlie\u00dflich arbeiten wir kontinuierlich daran, unsere Zielgruppen besser zu erreichen, damit die Energie, die wir in die Organisation unserer Aktivit\u00e4ten stecken, eine noch gr\u00f6\u00dfere Wirkung entfalten kann.<\/p>\n\n\n\n<p>Vielen Dank f\u00fcrs Lesen und daf\u00fcr, dass du uns auf diesem gro\u00dfartigen Abenteuer begleitest!<\/p>\n\n\n\n<p>Ich hoffe, du hattest eine erholsame Winterpause, und wir sehen uns bald \u2013 entweder online oder offline bei einer unserer Veranstaltungen.<\/p>\n\n\n\n<p>Herzlichst,<br>Jonas f\u00fcr das gesamte Team<\/p>\n\n\n\n<hr class=\"wp-block-separator has-alpha-channel-opacity is-style-dots\" style=\"margin-top:var(--wp--preset--spacing--40);margin-bottom:var(--wp--preset--spacing--40)\"\/>\n\n\n\n<h6 class=\"wp-block-heading\">Dieser Newsletter:<\/h6>\n\n\n\n<p><strong>Kommende Veranstaltungen: <\/strong><\/p>\n\n\n\n<ul class=\"wp-block-list\">\n<li><a href=\"#stammtisch\">Januar Stammtisch<\/a><\/li>\n\n\n\n<li><a href=\"#KF-P\">Keep Fresh \/\/ Einlege-Workshop<\/a><\/li>\n\n\n\n<li><a href=\"#CAT\">Civic Action Tales \/\/ Ausstellung<\/a><\/li>\n\n\n\n<li><a href=\"#V4Y\" data-type=\"internal\" data-id=\"#KF\">Voice4youth \/\/ Entscheidungstr\u00e4ger vs. Jugendlichen<\/a><\/li>\n\n\n\n<li><a href=\"#GATHERING\">CAN Gathering Fr\u00fchjahr 2026<\/a><\/li>\n<\/ul>\n\n\n\n<p><strong>Vergangene Veranstaltungen:<\/strong><\/p>\n\n\n\n<ul class=\"wp-block-list\">\n<li><a href=\"#erzaehlcafe\">\u201cErz\u00e4hlcaf\u00e9\u201d in 1150 \/\/ Connecting through Sharing Stories<\/a><\/li>\n\n\n\n<li><a href=\"#ST-D\">Dezember Stammtisch<\/a><\/li>\n\n\n\n<li><a href=\"#KF-D\">Keep Fresh \/\/ Diskussion<\/a><\/li>\n<\/ul>\n\n\n\n<hr class=\"wp-block-separator has-alpha-channel-opacity is-style-dots\" style=\"margin-top:var(--wp--preset--spacing--40);margin-bottom:var(--wp--preset--spacing--40)\"\/>\n\n\n\n<h4 class=\"wp-block-heading has-text-align-center has-tertiary-background-color has-background has-x-large-font-size\" style=\"margin-top:0;margin-right:0;margin-bottom:0;margin-left:0\"><strong>Kommende Veranstaltungen<\/strong><\/h4>\n\n\n\n<h4 class=\"wp-block-heading has-black-color has-text-color has-link-color wp-elements-3893d8a7148d734fd220f551993d02e2\" id=\"stammtisch\">Stammtisch im Januar<\/h4>\n\n\n\n<h6 class=\"wp-block-heading has-tertiary-color has-text-color has-link-color wp-elements-e19fa7375ae17e28fd2afa0281fb2b57\">Donnerstag, 8. Januar \/\/ 19:00 &#8211; 22:00<br>Caf\u00e9 Weidinger, Lerchenfelder G\u00fcrtel 1, 1160 Wien \/\/ Sprachen : Englisch, Deutsch<\/h6>\n\n\n\n<p>Nach der sehr erfolgreichen Weihnachtsausgabe unseres Stammtischs im Dezember, bei der wir viele von euch begr\u00fc\u00dfen durften, um \u00fcber das vergangene Jahr zu sprechen, laden wir nun zum ersten Stammtisch im Jahr 2026 ein. Es wird das erste CAN-Treffen im neuen Jahr sein, und du bist herzlich eingeladen, dabei zu sein und deine Weihnachtserinnerungen und Neujahrsfeierlichkeiten mit uns zu teilen. Wir sind au\u00dferdem gespannt darauf, zu erfahren, welche Erwartungen du f\u00fcr 2026 hast und ob du bereits zivilgesellschaftliche Aktionen geplant hast.<\/p>\n\n\n\n<p>Wir sehen uns dann!<\/p>\n\n\n\n<div class=\"wp-block-buttons is-content-justification-center is-layout-flex wp-container-core-buttons-is-layout-a89b3969 wp-block-buttons-is-layout-flex\">\n<div class=\"wp-block-button\"><a class=\"wp-block-button__link wp-element-button\" href=\"https:\/\/civilaction.net\/de\/event\/can-stammtisch-january-2026\/\"><strong>Anmeldung<\/strong><\/a><\/div>\n<\/div>\n\n\n\n<div class=\"wp-block-group is-layout-constrained wp-block-group-is-layout-constrained\">\n<figure class=\"wp-block-image size-large\"><img loading=\"lazy\" decoding=\"async\" width=\"1024\" height=\"576\" src=\"https:\/\/civilaction.net\/wp-content\/uploads\/Stammtisch-January-2026-1024x576.jpg\" alt=\"\" class=\"wp-image-2026\" srcset=\"https:\/\/civilaction.net\/wp-content\/uploads\/Stammtisch-January-2026-1024x576.jpg 1024w, https:\/\/civilaction.net\/wp-content\/uploads\/Stammtisch-January-2026-300x169.jpg 300w, https:\/\/civilaction.net\/wp-content\/uploads\/Stammtisch-January-2026-768x432.jpg 768w, https:\/\/civilaction.net\/wp-content\/uploads\/Stammtisch-January-2026-1536x864.jpg 1536w, https:\/\/civilaction.net\/wp-content\/uploads\/Stammtisch-January-2026-18x10.jpg 18w, https:\/\/civilaction.net\/wp-content\/uploads\/Stammtisch-January-2026.jpg 1920w\" sizes=\"auto, (max-width: 1024px) 100vw, 1024px\" \/><\/figure>\n\n\n\n<hr class=\"wp-block-separator has-alpha-channel-opacity is-style-dots\" style=\"margin-top:var(--wp--preset--spacing--40);margin-bottom:var(--wp--preset--spacing--40)\"\/>\n<\/div>\n\n\n\n<div class=\"wp-block-group is-layout-constrained wp-block-group-is-layout-constrained\">\n<h4 class=\"wp-block-heading has-black-color has-text-color has-link-color wp-elements-853aea10f6d69cd57e737bada77f4f61\" id=\"KF-P\"><strong><strong>Keep Fresh #11 Einlege-Workshop<\/strong><\/strong><\/h4>\n\n\n\n<h6 class=\"wp-block-heading has-tertiary-color has-text-color has-link-color wp-elements-44efa2720c93da3fdd8b32a84999ed74\">Montag, 19. Januar \/\/ 17:00 &#8211; 20:00<br>T\u00fcwi, D\u00e4nenstrasse 4\/2,1190 \/\/ Sprachen : Englisch, Deutsch, Niederl\u00e4ndisch und Polnisch<\/h6>\n\n\n\n<p>Liebst du den s\u00e4uerlichen Geruch von Essig? Wolltest du schon immer einmal eine gro\u00dfe Menge Karotten verarbeiten? Engagierst du dich leidenschaftlich f\u00fcr die Vermeidung von Lebensmittelverschwendung? Dann komm zu unserem Konservierungsworkshop \u201eKeep Fresh\u201c!<\/p>\n\n\n\n<p>Wir bringen \u00fcbrig gebliebenes Gem\u00fcse von einem lokalen Wiener Bauernhof mit. Wenn du deine eigenen Gl\u00e4ser mitbringst, k\u00f6nnen wir den Workshop zu einer bleibenden Erinnerung machen. Du lernst, wie man Gem\u00fcse einlegt und Lebensmittelverschwendung vorbeugt. W\u00e4hrend wir das Gem\u00fcse putzen, schneiden und kochen, laden wir dich auch zum Plaudern und Kn\u00fcpfen von Kontakten ein. Das Thema Lebensmittelproduktion und -verschwendung betrifft uns alle. Der Austausch untereinander kann uns inspirieren, neue Wege der Lebensmittelkonservierung zu gehen. Am Ende des Abends kehren wir mit vollen M\u00e4gen und vollen Gl\u00e4sern in unsere Gemeinden zur\u00fcck.<\/p>\n\n\n\n<p>Die Teilnahme am Workshop ist kostenlos\/auf Spendenbasis. Menschen aller Hintergr\u00fcnde und mit unterschiedlichen Vorkenntnissen sind herzlich willkommen. Wir bitten um eine vorherige Anmeldung, damit wir entsprechend planen k\u00f6nnen. Spontane Entscheidungen sind jedoch ebenfalls willkommen, da es nicht immer einfach ist, im Voraus zu planen.<\/p>\n\n\n\n<p>Maximal 13 Teilnehmer<\/p>\n\n\n\n<div class=\"wp-block-buttons is-content-justification-center is-layout-flex wp-container-core-buttons-is-layout-a89b3969 wp-block-buttons-is-layout-flex\">\n<div class=\"wp-block-button\"><a class=\"wp-block-button__link wp-element-button\" href=\"https:\/\/civilaction.net\/de\/event\/keep-fresh-preservation-workshop-2\/\"><strong>Anmeldung<\/strong><\/a><\/div>\n<\/div>\n\n\n\n<figure class=\"wp-block-image size-large\"><img loading=\"lazy\" decoding=\"async\" width=\"1024\" height=\"576\" src=\"https:\/\/civilaction.net\/wp-content\/uploads\/KF_pickle-1024x576.png\" alt=\"\" class=\"wp-image-2027\" srcset=\"https:\/\/civilaction.net\/wp-content\/uploads\/KF_pickle-1024x576.png 1024w, https:\/\/civilaction.net\/wp-content\/uploads\/KF_pickle-300x169.png 300w, https:\/\/civilaction.net\/wp-content\/uploads\/KF_pickle-768x432.png 768w, https:\/\/civilaction.net\/wp-content\/uploads\/KF_pickle-1536x864.png 1536w, https:\/\/civilaction.net\/wp-content\/uploads\/KF_pickle-18x10.png 18w, https:\/\/civilaction.net\/wp-content\/uploads\/KF_pickle.png 1920w\" sizes=\"auto, (max-width: 1024px) 100vw, 1024px\" \/><\/figure>\n\n\n\n<hr class=\"wp-block-separator has-alpha-channel-opacity is-style-dots\"\/>\n\n\n\n<h4 class=\"wp-block-heading has-black-color has-text-color has-link-color wp-elements-f097ae36cc71fbcfd9a61749087eaf70\" id=\"CAT\">Civic Action Tales \/\/ Ausstellung<\/h4>\n\n\n\n<h6 class=\"wp-block-heading has-tertiary-color has-text-color has-link-color wp-elements-65407246edb6c6b7008d8f7681a761bc\">Dienstag, 20. Januar \/\/ 11:00 &#8211; 13:00<br>Wissensraum, Reinprechtstorferstra\u00dfe 1c, 1050 Wien \/\/ Sprachen : Deutsch<\/h6>\n\n\n\n<p>Nach der ersten Ausgabe unserer Ausstellung \u201eCivic Action Tales\u201c im M\u00e4rz haben wir das Material an den \u201e<a href=\"https:\/\/wissensraum.info\/neue-ausstellung-civic-action-tales-zivilgesellschaft-erleben-gestalten\/\">Wissensraum<\/a>\u201c ausgeliehen \u2013 einen Wissenschaftskommunikationsraum, der vom Science Center Netzwerk betrieben wird. Dort ist die Ausstellung seit Oktober zu sehen und wird noch bis Ende Januar bleiben. Am 20. Januar findet eine Veranstaltung f\u00fcr Interessierte zusammen mit Miri und Jonas sowie einigen Vertreter*innen des Wissensraums statt, bei der wir die Ideen hinter der Ausstellung erl\u00e4utern. Wenn Du Interesse hast, komm gern vorbei!<\/p>\n\n\n\n<hr class=\"wp-block-separator has-alpha-channel-opacity is-style-dots\" style=\"margin-top:var(--wp--preset--spacing--40);margin-bottom:var(--wp--preset--spacing--40)\"\/>\n\n\n\n<h4 class=\"wp-block-heading has-black-color has-text-color has-link-color wp-elements-d1bed1f6b71d5adf8b0364ca3248a201\" id=\"V4Y\">Voice4youth \/\/ Entscheidungstr\u00e4ger vs. Jugendlichen<\/h4>\n\n\n\n<h6 class=\"wp-block-heading has-tertiary-color has-text-color has-link-color wp-elements-8039e4f1e2aa94bb40a893e4b5746cec\">Dienstag, 20. Januar \/\/ 17:00 &#8211; 20:15<br>Metalab, Rathausstra\u00dfe 6, 1010 Wien \/\/ Sprache: Deutsch<\/h6>\n\n\n\n<p>Kostenfreier Workshop &#8211; <strong>Was erm\u00f6glicht es jungen Erwachsenen, politisch aktiv zu sein?&nbsp;<\/strong><\/p>\n\n\n\n<p>Hier k\u00f6nnen junge Erwachsene Vertreter*innen von Organisationen treffen, die sich mit Partizipation besch\u00e4ftigen, wie Fridays For Future, Attac &amp; Greenpeace, um Ideen, Fragen und Herausforderungen rund um ihr eigenes Engagement zu teilen. Gleichzeitig k\u00f6nnen sie die Arbeit der jeweiligen Organisationen, sowie die Beteiligungsm\u00f6glichkeiten kennenlernen. Ziel ist es, dass junge Erwachsene und Organisationen Eindr\u00fccke und Erfahrungen teilen k\u00f6nnen und die Perspektive der anderen besser verstehen lernen.<\/p>\n\n\n\n<p>Danach gibt es noch ein Abendessen. \u263a\ufe0f<\/p>\n\n\n\n<div class=\"wp-block-buttons is-content-justification-center is-layout-flex wp-container-core-buttons-is-layout-a89b3969 wp-block-buttons-is-layout-flex\">\n<div class=\"wp-block-button\"><a class=\"wp-block-button__link wp-element-button\" href=\"https:\/\/civilaction.net\/de\/actionlab\/\"><strong>Mehr infos und Anmeldung<\/strong><\/a><\/div>\n<\/div>\n\n\n\n<figure class=\"wp-block-image size-full\"><img loading=\"lazy\" decoding=\"async\" width=\"1920\" height=\"1080\" src=\"https:\/\/civilaction.net\/wp-content\/uploads\/Banner.png\" alt=\"\" class=\"wp-image-2028\" srcset=\"https:\/\/civilaction.net\/wp-content\/uploads\/Banner.png 1920w, https:\/\/civilaction.net\/wp-content\/uploads\/Banner-300x169.png 300w, https:\/\/civilaction.net\/wp-content\/uploads\/Banner-1024x576.png 1024w, https:\/\/civilaction.net\/wp-content\/uploads\/Banner-768x432.png 768w, https:\/\/civilaction.net\/wp-content\/uploads\/Banner-1536x864.png 1536w, https:\/\/civilaction.net\/wp-content\/uploads\/Banner-18x10.png 18w\" sizes=\"auto, (max-width: 1920px) 100vw, 1920px\" \/><\/figure>\n\n\n\n<hr class=\"wp-block-separator has-alpha-channel-opacity is-style-dots\" style=\"margin-top:var(--wp--preset--spacing--40);margin-bottom:var(--wp--preset--spacing--40)\"\/>\n\n\n\n<h4 class=\"wp-block-heading has-black-color has-text-color has-link-color wp-elements-f7c96eeaf609ab2855ba5379fed4393e\" id=\"GATHERING\"><strong>CAN Gathering Fr\u00fchling 2026<\/strong><\/h4>\n\n\n\n<p>Unser n\u00e4chstes gro\u00dfes CAN-Community-Event, bei dem wir ein paar gemeinsame Tage in der Natur verbringen, findet im April 2026 statt.&nbsp;<\/p>\n\n\n\n<p>Wir m\u00f6chten dich bitten, uns mitzuteilen, welches Wochenende im April f\u00fcr dich am besten geeignet w\u00e4re, um am CAN Gathering teilzunehmen. <br><br>F\u00fcllt bitte die untenstehende Umfrage aus, um uns Deine Meinung mitzuteilen.<\/p>\n\n\n\n<div class=\"wp-block-buttons is-content-justification-center is-layout-flex wp-container-core-buttons-is-layout-a89b3969 wp-block-buttons-is-layout-flex\">\n<div class=\"wp-block-button\"><a class=\"wp-block-button__link wp-element-button\" href=\"https:\/\/www.cognitoforms.com\/CivilActionNetwork2\/DatesForGateringI2026\" target=\"_blank\" rel=\"noreferrer noopener nofollow\">Umfrage ausf\u00fcllen<\/a><\/div>\n<\/div>\n\n\n\n<p>Deine Stimme hilft uns dabei, einen Termin zu finden, der f\u00fcr die Meisten von uns passt.<\/p>\n\n\n\n<p>Wenn du Fragen zum CAN Gathering hast, kannst du dich gerne jederzeit an uns wenden.<\/p>\n\n\n\n<figure class=\"wp-block-image size-full\"><img loading=\"lazy\" decoding=\"async\" width=\"1920\" height=\"1080\" src=\"https:\/\/civilaction.net\/wp-content\/uploads\/date-finding-CAN-Gatheirng-April-.jpg\" alt=\"\" class=\"wp-image-2029\" srcset=\"https:\/\/civilaction.net\/wp-content\/uploads\/date-finding-CAN-Gatheirng-April-.jpg 1920w, https:\/\/civilaction.net\/wp-content\/uploads\/date-finding-CAN-Gatheirng-April--300x169.jpg 300w, https:\/\/civilaction.net\/wp-content\/uploads\/date-finding-CAN-Gatheirng-April--1024x576.jpg 1024w, https:\/\/civilaction.net\/wp-content\/uploads\/date-finding-CAN-Gatheirng-April--768x432.jpg 768w, https:\/\/civilaction.net\/wp-content\/uploads\/date-finding-CAN-Gatheirng-April--1536x864.jpg 1536w, https:\/\/civilaction.net\/wp-content\/uploads\/date-finding-CAN-Gatheirng-April--18x10.jpg 18w\" sizes=\"auto, (max-width: 1920px) 100vw, 1920px\" \/><\/figure>\n\n\n\n<hr class=\"wp-block-separator has-alpha-channel-opacity is-style-dots\" style=\"margin-top:var(--wp--preset--spacing--40);margin-bottom:var(--wp--preset--spacing--40)\"\/>\n\n\n\n<h4 class=\"wp-block-heading has-text-align-center has-tertiary-background-color has-background has-x-large-font-size\" style=\"margin-top:0;margin-right:0;margin-bottom:0;margin-left:0\"><strong>vergangene Veranstaltungen<\/strong><\/h4>\n\n\n\n<h4 class=\"wp-block-heading has-black-color has-text-color has-link-color wp-elements-bdf3ffe4bff2bac899c0c235df982cfe\" id=\"erzaehlcafe\">\u201cErz\u00e4hlcaf\u00e9\u201d in 1150 \/\/ Verbunden durchs Erz\u00e4hlen<\/h4>\n\n\n\n<h6 class=\"wp-block-heading has-tertiary-color has-text-color has-link-color wp-elements-8b376cf03b05cfb1de7c00a76210e28d\"><strong>Montag, 8. Dezember \/\/ 1150 Wien<\/strong><\/h6>\n\n\n\n<p>Am Montag, den 8. Dezember, fand unser Storytelling Caf\u00e9 im Verein Login in Wien statt. In einer warmen und behutsamen Atmosph\u00e4re teilten die Teilnehmenden pers\u00f6nliche Geschichten rund um das Thema Gemeinschaft und h\u00f6rten einander zu \u2013 mit positiven ebenso wie herausfordernden Erfahrungen des Miteinanders.<\/p>\n\n\n\n<p>Der offene Austausch schuf Raum f\u00fcr Verbindung, Reflexion und gegenseitiges Verst\u00e4ndnis. Kaffee und frische Weihnachtskekse aus einem Backworkshop bei Login sorgten f\u00fcr eine gem\u00fctliche Stimmung. Ob beim Erz\u00e4hlen oder beim Zuh\u00f6ren \u2013 alle trugen zu einem bedeutungsvollen und herzlichen Nachmittag bei.<\/p>\n\n\n\n<p>Derzeit arbeiten wir daran, im neuen Jahr weitere Erz\u00e4hlcaf\u00e9s zu organisieren, und halten euch dazu gerne auf dem Laufenden.<\/p>\n\n\n\n<figure class=\"wp-block-image size-large\"><img loading=\"lazy\" decoding=\"async\" width=\"768\" height=\"1024\" src=\"https:\/\/civilaction.net\/wp-content\/uploads\/Erzahlcafe-08.12.2025-768x1024.jpg\" alt=\"\" class=\"wp-image-2030\" srcset=\"https:\/\/civilaction.net\/wp-content\/uploads\/Erzahlcafe-08.12.2025-768x1024.jpg 768w, https:\/\/civilaction.net\/wp-content\/uploads\/Erzahlcafe-08.12.2025-225x300.jpg 225w, https:\/\/civilaction.net\/wp-content\/uploads\/Erzahlcafe-08.12.2025-9x12.jpg 9w, https:\/\/civilaction.net\/wp-content\/uploads\/Erzahlcafe-08.12.2025.jpg 960w\" sizes=\"auto, (max-width: 768px) 100vw, 768px\" \/><\/figure>\n\n\n\n<hr class=\"wp-block-separator has-alpha-channel-opacity is-style-dots\" style=\"margin-top:var(--wp--preset--spacing--40);margin-bottom:var(--wp--preset--spacing--40)\"\/>\n<\/div>\n\n\n\n<h4 class=\"wp-block-heading has-black-color has-text-color has-link-color wp-elements-b339864ba37d0e6732e6a38eff2b7a10\" id=\"ST-D\">Stammtisch im Dezember<\/h4>\n\n\n\n<h6 class=\"wp-block-heading has-tertiary-color has-text-color has-link-color wp-elements-3997efa7e0354858fa4f3f5ea4d117ca\">Donnerstag, 11. Dezember \/\/ 1150 Wien<\/h6>\n\n\n\n<p>F\u00fcr den letzten Stammtisch des Jahres kehrten wir zu einem unserer Lieblingsorte zur\u00fcck: dem nigerianischen Restaurant Ochei im 15. Bezirk. Dieser letzte Stammtisch des Jahres war auch der gr\u00f6\u00dfte, denn viele Mitstreiter*innen, Freiwillige, Partner*innen und Freund*innen des Vereins nahmen sich die Zeit, um gemeinsam mit uns das vergangene Jahr zu feiern. Wir hatten eine sch\u00f6ne Zeit und m\u00f6chten uns bei allen bedanken, die diesen Abend mit uns verbracht haben.<\/p>\n\n\n\n<hr class=\"wp-block-separator has-alpha-channel-opacity is-style-dots\" style=\"margin-top:var(--wp--preset--spacing--40);margin-bottom:var(--wp--preset--spacing--40)\"\/>\n\n\n\n<h4 class=\"wp-block-heading has-black-color has-text-color has-link-color wp-elements-b94b485c24889bf18d89222791cf12c0\" id=\"KF-D\"><strong>Keep Fresh \/\/ Diskussion<\/strong><\/h4>\n\n\n\n<h6 class=\"wp-block-heading has-tertiary-color has-text-color has-link-color wp-elements-c9bfb6886b499017b0eeb94d880ea24b\"><strong>Donnerstag, 11. Dezember \/\/ 1150 Wien<\/strong><\/h6>\n\n\n\n<p>Parallel zum Stammtisch dieses Monats organisierten wir im Rahmen des Projekts \u201eKeep Fresh\u201c einen Diskussionsabend zum Thema Lebensmittelverschwendung und unser Ern\u00e4hrungssystem. Mit Impulsfragen wie \u201eWann werden Lebensmittel zu Lebensmittelabf\u00e4llen?\u201c oder \u201eWie k\u00f6nnen wir Lebensmittelverschwendung auf verschiedenen gesellschaftlichen Ebenen verhindern?\u201c reflektierten die Teilnehmenden dar\u00fcber, was Lebensmittel und Lebensmittelverschwendung in ihrem Alltag bedeuten.<\/p>\n\n\n\n<p>Wir verlie\u00dfen den Diskussionsabend inspiriert und mit neuen Ideen, um Lebensmittelverschwendung zu bek\u00e4mpfen und unser Ern\u00e4hrungssystem und die Art und Weise, wie wir uns als Gesellschaft ern\u00e4hren, neu zu \u00fcberdenken. Und es ging auch um Pilze \ud83d\ude43.<\/p>\n\n\n\n<hr class=\"wp-block-separator has-alpha-channel-opacity is-style-dots\" style=\"margin-top:var(--wp--preset--spacing--40);margin-bottom:var(--wp--preset--spacing--40)\"\/>\n\n\n\n<h5 class=\"wp-block-heading has-text-align-center has-black-color has-text-color has-link-color wp-elements-e640837b9fc5041f8cfcf9839ca967e9\" id=\"KF-D\">M\u00f6chtest du uns unterst\u00fctzen? Klicke bitte auf den Link!<\/h5>\n\n\n\n<div class=\"wp-block-buttons is-content-justification-center is-layout-flex wp-container-core-buttons-is-layout-a89b3969 wp-block-buttons-is-layout-flex\">\n<div class=\"wp-block-button\"><a class=\"wp-block-button__link wp-element-button\" href=\"https:\/\/civilaction.net\/de\/recurring-donation\/\"><strong>Spende<\/strong><\/a><\/div>\n<\/div>\n\n\n\n<p><\/p>","protected":false},"excerpt":{"rendered":"<p>Liebe Leserinnen und Leser,&nbsp; hier schreibt Jonas zu Beginn eines neuen Jahres. Ich m\u00f6chte hiermit meine Freude und Zufriedenheit mit dir teilen \u2013 \u00fcber das, was wir im letzten Jahr gemeinsam erreicht haben, sowie \u00fcber unsere Gedanken und Fragen zur Zukunft. Dieser Newsletter ist etwas l\u00e4nger als \u00fcblich, aber wir wollten dir einen umfassenderen \u00dcberblick [&hellip;]<\/p>","protected":false},"author":23,"featured_media":0,"comment_status":"open","ping_status":"open","sticky":false,"template":"","format":"standard","meta":{"_acf_changed":false,"give_campaign_id":0,"footnotes":""},"categories":[131],"tags":[],"topic":[],"class_list":["post-2025","post","type-post","status-publish","format-standard","hentry","category-newsletter-collection"],"acf":[],"_links":{"self":[{"href":"https:\/\/civilaction.net\/de\/wp-json\/wp\/v2\/posts\/2025","targetHints":{"allow":["GET"]}}],"collection":[{"href":"https:\/\/civilaction.net\/de\/wp-json\/wp\/v2\/posts"}],"about":[{"href":"https:\/\/civilaction.net\/de\/wp-json\/wp\/v2\/types\/post"}],"author":[{"embeddable":true,"href":"https:\/\/civilaction.net\/de\/wp-json\/wp\/v2\/users\/23"}],"replies":[{"embeddable":true,"href":"https:\/\/civilaction.net\/de\/wp-json\/wp\/v2\/comments?post=2025"}],"version-history":[{"count":5,"href":"https:\/\/civilaction.net\/de\/wp-json\/wp\/v2\/posts\/2025\/revisions"}],"predecessor-version":[{"id":2062,"href":"https:\/\/civilaction.net\/de\/wp-json\/wp\/v2\/posts\/2025\/revisions\/2062"}],"wp:attachment":[{"href":"https:\/\/civilaction.net\/de\/wp-json\/wp\/v2\/media?parent=2025"}],"wp:term":[{"taxonomy":"category","embeddable":true,"href":"https:\/\/civilaction.net\/de\/wp-json\/wp\/v2\/categories?post=2025"},{"taxonomy":"post_tag","embeddable":true,"href":"https:\/\/civilaction.net\/de\/wp-json\/wp\/v2\/tags?post=2025"},{"taxonomy":"topic","embeddable":true,"href":"https:\/\/civilaction.net\/de\/wp-json\/wp\/v2\/topic?post=2025"}],"curies":[{"name":"wp","href":"https:\/\/api.w.org\/{rel}","templated":true}]}}