{"id":1978,"date":"2025-12-01T08:00:00","date_gmt":"2025-12-01T07:00:00","guid":{"rendered":"https:\/\/civilaction.net\/?p=1978"},"modified":"2025-12-01T16:38:16","modified_gmt":"2025-12-01T15:38:16","slug":"newsletter-december-2025","status":"publish","type":"post","link":"https:\/\/civilaction.net\/de\/2025\/12\/newsletter-december-2025\/","title":{"rendered":"Dezember 2025 Newsletter"},"content":{"rendered":"<p>Liebe*r Leser*in!<\/p>\n\n\n\n<p>Als die Temperaturen im November immer k\u00e4lter wurden, wurde der Winter erwartet. Und dann verwandelte der Schnee letzte Woche die Stadt in ein wei\u00dfes Wunderland. Die K\u00e4lte hielt uns nicht davon ab, uns drinnen einzukuscheln: Wir hatten einen gesch\u00e4ftigen Monat voller Aktivit\u00e4ten. Der Monat begann mit einem erfolgreichen Einlege-Workshop im 20. Bezirk, gefolgt vom ersten Social-Movement-Networking-Meet-up. Beim CAN-Treffen konnten einige von uns ihre Kontakte untereinander und zum Verein weiter vertiefen. Leider mussten wir unseren monatlichen Stammtisch wegen Krankheit absagen. Jonas und Jan leiteten ein inspirierendes \u201eIntegralead Practitioners Training\u201d. Wir hatten unser erstes Erz\u00e4hlcaf\u00e9 und zu guter Letzt fand am vergangenen Wochenende das CANtogether statt.&nbsp;<\/p>\n\n\n\n<p>Aufgrund der bevorstehenden Feiertage wird der n\u00e4chste Monat etwas ruhiger ausfallen. Dennoch kehrt der Stammtisch zur\u00fcck, ohne jemals wirklich weg gewesen zu sein. Wir werden einen Diskussionsabend im Rahmen des Keep-Fresh-Projekts veranstalten und das zweite Social-Movement-Networking-Meet-up wird stattfinden. Wir w\u00fcnschen euch schon jetzt frohe Feiertage und einen guten Rutsch!<\/p>\n\n\n\n<p>Joost<\/p>\n\n\n\n<hr class=\"wp-block-separator has-alpha-channel-opacity is-style-dots\" style=\"margin-top:var(--wp--preset--spacing--40);margin-bottom:var(--wp--preset--spacing--40)\"\/>\n\n\n\n<h6 class=\"wp-block-heading\">Dieser Newsletter:<\/h6>\n\n\n\n<p><strong>Kommende Veranstaltungen: <\/strong><\/p>\n\n\n\n<ul class=\"wp-block-list\">\n<li><a href=\"#stammtisch\">Dezember Stammtisch<\/a><\/li>\n\n\n\n<li><a href=\"#SMNM\">Social Movement Networking Meet-up<\/a><\/li>\n\n\n\n<li><a href=\"#EZC\">Erz\u00e4hlcaf\u00e9<\/a><\/li>\n\n\n\n<li><a href=\"#KF\" data-type=\"internal\" data-id=\"#KF\">Keep Fresh \/\/ Diskussionsrunde<\/a><\/li>\n<\/ul>\n\n\n\n<p><strong>Vergangene Veranstaltungen: <\/strong><\/p>\n\n\n\n<ul class=\"wp-block-list\">\n<li><a href=\"#carrots\">Carrots in jars 1200 \/\/ Einlege-Workshop #1<\/a><\/li>\n\n\n\n<li><a href=\"#gathering\">CAN Gathering Herbst 2025<\/a><\/li>\n\n\n\n<li><a href=\"#integralead\">Integralead Practitioners Gathering<\/a><\/li>\n\n\n\n<li><a href=\"#EZC-P\">\u201cErz\u00e4hlcaf\u00e9\u201d in 1150 \/\/ Verbunden durchs Erz\u00e4hlen<\/a><\/li>\n<\/ul>\n\n\n\n<hr class=\"wp-block-separator has-alpha-channel-opacity is-style-dots\" style=\"margin-top:var(--wp--preset--spacing--40);margin-bottom:var(--wp--preset--spacing--40)\"\/>\n\n\n\n<h4 class=\"wp-block-heading has-text-align-center has-tertiary-background-color has-background has-x-large-font-size\" style=\"margin-top:0;margin-right:0;margin-bottom:0;margin-left:0\"><strong>Kommende Veranstaltungen<\/strong><\/h4>\n\n\n\n<h4 class=\"wp-block-heading has-black-color has-text-color has-link-color wp-elements-ad52d4f1fd5e1b0ed556b02f48b7ff4b\" id=\"stammtisch\">Stammtisch im dezember<\/h4>\n\n\n\n<h6 class=\"wp-block-heading has-tertiary-color has-text-color has-link-color wp-elements-b9c15e8d0e9b43f1532cb7a73d23a0df\">Donnerstag, 11. November \/\/ 19:00 &#8211; 22:00<br>Ochei, Camillo-Sitte-Gasse 1, 1150 Wien \/\/ Sprachen : Englisch, Deutsch<\/h6>\n\n\n\n<p>Zum Jahresende m\u00f6chten wir euch alle einladen, einen Moment der Feierlichkeit mit uns zu teilen. Wir m\u00f6chten das Netzwerk der Verbindungen w\u00fcrdigen, das wir gemeinsam pflegen, sowie die Anstrengungen, die wir alle f\u00fcr eine widerstandsf\u00e4higere Zivilgesellschaft unternehmen. \ud83c\udf1f<\/p>\n\n\n\n<p>Egal, ob du an einigen der Veranstaltungen dieses Jahres teilgenommen hast, mit uns zusammenarbeitest oder unsere Arbeit einfach magst: Wir laden dich herzlich ein, an diesem gemeinsamen Abend teilzunehmen. Es wird Gelegenheit geben, sich ungezwungen zu unterhalten und Geschichten aus dem vergangenen Jahr auszutauschen.<br><br>Wir freuen uns auf dich!<br>Bis bald!<\/p>\n\n\n\n<div class=\"wp-block-group is-layout-constrained wp-block-group-is-layout-constrained\">\n<figure class=\"wp-block-image size-large\"><a href=\"https:\/\/civilaction.net\/de\/event\/stammtisch-november-2025-2\/\"><img loading=\"lazy\" decoding=\"async\" width=\"1024\" height=\"576\" src=\"https:\/\/civilaction.net\/wp-content\/uploads\/11.12.2025--1024x576.png\" alt=\"\" class=\"wp-image-1988\" srcset=\"https:\/\/civilaction.net\/wp-content\/uploads\/11.12.2025--1024x576.png 1024w, https:\/\/civilaction.net\/wp-content\/uploads\/11.12.2025--300x169.png 300w, https:\/\/civilaction.net\/wp-content\/uploads\/11.12.2025--768x432.png 768w, https:\/\/civilaction.net\/wp-content\/uploads\/11.12.2025--1536x864.png 1536w, https:\/\/civilaction.net\/wp-content\/uploads\/11.12.2025--18x10.png 18w, https:\/\/civilaction.net\/wp-content\/uploads\/11.12.2025-.png 1920w\" sizes=\"auto, (max-width: 1024px) 100vw, 1024px\" \/><\/a><\/figure>\n\n\n\n<hr class=\"wp-block-separator has-alpha-channel-opacity is-style-dots\" style=\"margin-top:var(--wp--preset--spacing--40);margin-bottom:var(--wp--preset--spacing--40)\"\/>\n<\/div>\n\n\n\n<div class=\"wp-block-group is-layout-constrained wp-block-group-is-layout-constrained\">\n<h4 class=\"wp-block-heading has-black-color has-text-color has-link-color wp-elements-c96efe6052473cb51bf18d583d948f37\" id=\"SMNM\"><strong><strong>Social Movement Networking Meet-Up<\/strong><\/strong><\/h4>\n\n\n\n<h6 class=\"wp-block-heading has-tertiary-color has-text-color has-link-color wp-elements-6712f7b3971192ee4f73f4d0e459a535\"><strong>Donnerstag, 4. Dezember \/\/ 19:00 &#8211; 21:30<\/strong><br><strong>Cafe Weidinger, Lerchenfelder G\u00fcrtel 1, 1160 \/\/ Sprachen : Englisch, Deutsch und Polnisch<\/strong><\/h6>\n\n\n\n<p>Hast du in der vergangenen Saison am \u201eSocial Movement Networking Lunch\u201d teilgenommen? M\u00f6chtest du neue Kontakte kn\u00fcpfen oder einfach wieder mit Anderen in Verbindung treten? Komm am Donnerstag zu uns!<\/p>\n\n\n\n<p>Oder hast du vielleicht am letzten Cross-Movement Open Space teilgenommen und das Gef\u00fchl gehabt, dass du nicht alles zum Thema \u201eDemokratischer Diskurs\u201d sagen konntest? M\u00f6chtest du wieder mit anderen Teilnehmer:innen in Kontakt treten? Oder konntest du nicht dabei sein und m\u00f6chtest wissen, wie es war?&nbsp;<\/p>\n\n\n\n<p>Dann komm doch gerne zum Social Movement Networking Meet-up, wir freuen sich auf Dich! F\u00fcr weitere Informationen und zur Anmeldung klicke bitte auf das Bild unten!<\/p>\n\n\n\n<figure class=\"wp-block-image size-large\"><a href=\"https:\/\/civilaction.net\/de\/event\/social-movements-networking-meet-up-december-2025\/\"><img loading=\"lazy\" decoding=\"async\" width=\"1024\" height=\"576\" src=\"https:\/\/civilaction.net\/wp-content\/uploads\/SMNM-1024x576.jpeg\" alt=\"\" class=\"wp-image-1979\" srcset=\"https:\/\/civilaction.net\/wp-content\/uploads\/SMNM-1024x576.jpeg 1024w, https:\/\/civilaction.net\/wp-content\/uploads\/SMNM-300x169.jpeg 300w, https:\/\/civilaction.net\/wp-content\/uploads\/SMNM-768x432.jpeg 768w, https:\/\/civilaction.net\/wp-content\/uploads\/SMNM-1536x864.jpeg 1536w, https:\/\/civilaction.net\/wp-content\/uploads\/SMNM-18x10.jpeg 18w, https:\/\/civilaction.net\/wp-content\/uploads\/SMNM.jpeg 1920w\" sizes=\"auto, (max-width: 1024px) 100vw, 1024px\" \/><\/a><\/figure>\n\n\n\n<hr class=\"wp-block-separator has-alpha-channel-opacity is-style-dots\"\/>\n\n\n\n<h4 class=\"wp-block-heading has-black-color has-text-color has-link-color wp-elements-ac82b9d797864c6292cb2e0bac782f3c\" id=\"EZC\">\u201cErz\u00e4hlcaf\u00e9\u201d in 1150 \/\/ Verbunden durchs Erz\u00e4hlen<\/h4>\n\n\n\n<h6 class=\"wp-block-heading has-tertiary-color has-text-color has-link-color wp-elements-a75c10a272272ada9620c72e1248d28d\">Montag, 8. Dezember \/\/ 15:30 &#8211; 17:00<br>Verein Login, Weiglgasse 19, 1150 Wien \/\/ Sprache: Deutsch<\/h6>\n\n\n\n<p>Unser n\u00e4chstes Erz\u00e4hlcaf\u00e9 findet am 8. Dezember im Verein Login statt! In einer warmen und entspannten Atmosph\u00e4re teilen wir pers\u00f6nliche Geschichten, h\u00f6ren einander zu und schaffen Momente der Verbundenheit. Dieses Mal dreht sich alles um das Thema <strong>Gemeinschaft<\/strong>: <em>Wann haben wir erlebt, dass wir gemeinsam st\u00e4rker sind als alleine?<\/em> Wir freuen uns auf eure Erinnerungen, Erfahrungen und Gedanken.&nbsp;<\/p>\n\n\n\n<p>Ob du mit einer eigenen Geschichte kommst oder einfach den kurzen Erz\u00e4hlungen anderer lauschen m\u00f6chtest, komm einfach vorbei, genie\u00dfe einen leckeren Kaffee und erlebe, wie Geschichten Menschen zusammenbringen.<\/p>\n\n\n\n<p>[Das Erz\u00e4hlcaf\u00e9 von CAN am 8. Dezember findet in deutscher Sprache statt.<em> <\/em>F\u00fcr alle, die Englisch bevorzugen, bietet der Verein Login jeden Montag von 12:00\u201313:15 ein englischsprachiges Erz\u00e4hlcaf\u00e9 in der Weiglgasse 19, 1150 Wien an]<\/p>\n\n\n\n<figure class=\"wp-block-image size-large\"><img loading=\"lazy\" decoding=\"async\" width=\"1024\" height=\"535\" src=\"https:\/\/civilaction.net\/wp-content\/uploads\/Erzahlcafe-Newsletter--1024x535.jpg\" alt=\"\" class=\"wp-image-1986\" srcset=\"https:\/\/civilaction.net\/wp-content\/uploads\/Erzahlcafe-Newsletter--1024x535.jpg 1024w, https:\/\/civilaction.net\/wp-content\/uploads\/Erzahlcafe-Newsletter--300x157.jpg 300w, https:\/\/civilaction.net\/wp-content\/uploads\/Erzahlcafe-Newsletter--768x401.jpg 768w, https:\/\/civilaction.net\/wp-content\/uploads\/Erzahlcafe-Newsletter--18x9.jpg 18w, https:\/\/civilaction.net\/wp-content\/uploads\/Erzahlcafe-Newsletter-.jpg 1200w\" sizes=\"auto, (max-width: 1024px) 100vw, 1024px\" \/><\/figure>\n\n\n\n<hr class=\"wp-block-separator has-alpha-channel-opacity is-style-dots\" style=\"margin-top:var(--wp--preset--spacing--40);margin-bottom:var(--wp--preset--spacing--40)\"\/>\n\n\n\n<h4 class=\"wp-block-heading has-black-color has-text-color has-link-color wp-elements-66c2d3903da3933373059249b5556df4\" id=\"KF\">Keep Fresh \/\/ Diskussionsrunde<\/h4>\n\n\n\n<h6 class=\"wp-block-heading has-tertiary-color has-text-color has-link-color wp-elements-c98feed9bbca990fd070e96b70c50c6b\">Donnerstag, 11. Dezember \/\/ 19:00 &#8211; 20:30<br>Ochei, Camillo-Sitte-Gasse 1, 1150 Wien, 1160 Wien \/\/ Sprachen : Englisch, Deutsch, Polnisch, Niederl\u00e4ndisch<\/h6>\n\n\n\n<p>Wir laden dich herzlich zum Diskussionsabend unseres Projekts \u201eKeep Fresh\u201d ein. An diesem Abend m\u00f6chten wir die Diskussion mit folgenden Fragen ansto\u00dfen: Inwiefern ist Lebensmittelverschwendung in Ihrem Leben pr\u00e4sent? Wie gehst du in deinem Haushalt mit Lebensmittelverschwendung um? Wann werden Lebensmittel zu Abfall? Wer ist in unserer Gesellschaft f\u00fcr Lebensmittelverschwendung verantwortlich? Was k\u00f6nnen wir auf kommunaler, politischer und pers\u00f6nlicher Ebene tun, um Lebensmittelverschwendung zu verhindern? Ausgehend von diesen Fragen m\u00f6chten wir eine Diskussion \u00fcber Lebensmittelverschwendung, die Lebensmittelproduktionskette und den \u00dcbergang zu einer nachhaltigeren Lebensmittelversorgung ansto\u00dfen. Als Inspiration bringen wir eingelegtes Gem\u00fcse aus den vorherigen Einlege-Workshops mit.<\/p>\n\n\n\n<p>F\u00fcr weitere Informationen und zur Anmeldung klicke bitte auf das Bild unten!<\/p>\n\n\n\n<figure class=\"wp-block-image size-full\"><a href=\"https:\/\/civilaction.net\/de\/event\/keep-fresh-10-discussion-evening-2\/\" target=\"_blank\" rel=\" noreferrer noopener\"><img loading=\"lazy\" decoding=\"async\" width=\"1920\" height=\"1080\" src=\"https:\/\/civilaction.net\/wp-content\/uploads\/11.12.2025-discussion-evening-10.png\" alt=\"\" class=\"wp-image-1980\" srcset=\"https:\/\/civilaction.net\/wp-content\/uploads\/11.12.2025-discussion-evening-10.png 1920w, https:\/\/civilaction.net\/wp-content\/uploads\/11.12.2025-discussion-evening-10-300x169.png 300w, https:\/\/civilaction.net\/wp-content\/uploads\/11.12.2025-discussion-evening-10-1024x576.png 1024w, https:\/\/civilaction.net\/wp-content\/uploads\/11.12.2025-discussion-evening-10-768x432.png 768w, https:\/\/civilaction.net\/wp-content\/uploads\/11.12.2025-discussion-evening-10-1536x864.png 1536w, https:\/\/civilaction.net\/wp-content\/uploads\/11.12.2025-discussion-evening-10-18x10.png 18w\" sizes=\"auto, (max-width: 1920px) 100vw, 1920px\" \/><\/a><\/figure>\n\n\n\n<hr class=\"wp-block-separator has-alpha-channel-opacity is-style-dots\" style=\"margin-top:var(--wp--preset--spacing--40);margin-bottom:var(--wp--preset--spacing--40)\"\/>\n\n\n\n<h4 class=\"wp-block-heading has-text-align-center has-tertiary-background-color has-background has-x-large-font-size\" style=\"margin-top:0;margin-right:0;margin-bottom:0;margin-left:0\"><strong>vergangene Veranstaltungen<\/strong><\/h4>\n\n\n\n<h4 class=\"wp-block-heading has-black-color has-text-color has-link-color wp-elements-6c6d84b8430e8880d12bd8b32c9edd25\" id=\"carrots\">Carrots in jars 1200 \/\/ Einlege-Workshop #1<\/h4>\n\n\n\n<h6 class=\"wp-block-heading has-tertiary-color has-text-color has-link-color wp-elements-520a519e83ada65a8b2a7928107d397b\">Montag, 3. November \/\/ 1200 Wien<\/h6>\n\n\n\n<p>Wir trafen uns mit 14 Teilnehmern in der K\u00fcche der VHS Brigittenau. Die begeisterte Gruppe war schnell dabei, die Karotten und den Kohlrabi, die wir vom Bauernhof geholt hatten, zu waschen, zu schneiden und einzulegen. So blieb uns mehr Zeit f\u00fcr ein leckeres gemeinsames Essen mit Reis und Linsen und f\u00fcr einen Austausch. F\u00fcr einen der Teilnehmer waren die Linsen die Entdeckung des Abends. Anschlie\u00dfend konnten wir unsere vollen Gl\u00e4ser und B\u00e4uche mit nach Hause nehmen und weiter \u00fcber Lebensmittelverschwendung und -konservierung nachdenken. Wir erhielten auch Besuch von Boijan vom Gr\u00e4tzlMarie, der den Abend miterlebte und lobte. Vielen Dank an alle, die gekommen sind! Wir hoffen, euch bei unserem n\u00e4chsten Workshop oder Diskussionsabend wieder begr\u00fc\u00dfen zu d\u00fcrfen.<\/p>\n\n\n\n<p>Weitere Workshops in 1200 folgen in 2026. Bleibt dran!<\/p>\n\n\n\n<figure class=\"wp-block-image size-large\"><img loading=\"lazy\" decoding=\"async\" width=\"1024\" height=\"834\" src=\"https:\/\/civilaction.net\/wp-content\/uploads\/carrots-in-jars-november2025-1024x834.jpeg\" alt=\"\" class=\"wp-image-1981\" srcset=\"https:\/\/civilaction.net\/wp-content\/uploads\/carrots-in-jars-november2025-1024x834.jpeg 1024w, https:\/\/civilaction.net\/wp-content\/uploads\/carrots-in-jars-november2025-300x244.jpeg 300w, https:\/\/civilaction.net\/wp-content\/uploads\/carrots-in-jars-november2025-768x626.jpeg 768w, https:\/\/civilaction.net\/wp-content\/uploads\/carrots-in-jars-november2025-1536x1251.jpeg 1536w, https:\/\/civilaction.net\/wp-content\/uploads\/carrots-in-jars-november2025-2048x1668.jpeg 2048w, https:\/\/civilaction.net\/wp-content\/uploads\/carrots-in-jars-november2025-15x12.jpeg 15w\" sizes=\"auto, (max-width: 1024px) 100vw, 1024px\" \/><\/figure>\n\n\n\n<hr class=\"wp-block-separator has-alpha-channel-opacity is-style-dots\" style=\"margin-top:var(--wp--preset--spacing--40);margin-bottom:var(--wp--preset--spacing--40)\"\/>\n\n\n\n<h4 class=\"wp-block-heading has-black-color has-text-color has-link-color wp-elements-d75972755b14293ebbe425f11b9d8eec\" id=\"gathering\">CAN Gathering Herbst 2025<\/h4>\n\n\n\n<h6 class=\"wp-block-heading has-tertiary-color has-text-color has-link-color wp-elements-9df5f9249f1b7e4f81e5b61f947ea09b\"><strong>Donnerstag, 6. November &#8211; Sonntag, 9. November \/\/ 7302 Nikitsch<\/strong><\/h6>\n<\/div>\n\n\n\n<p>Wieder einmal bot uns das sch\u00f6ne und verschlafene Nikitsch einen gem\u00fctlichen und sicheren Ort, an dem wir uns austauschen und einen Blick in die Zukunft werfen konnten. Wie immer war es eine gelungene Mischung aus gutem Essen, etwas Freizeit und konzentrierten Gespr\u00e4chen und Planungen. Besondere Erw\u00e4hnung verdienen Caroline und Joost, die seit diesem Herbst bei uns arbeiten und gro\u00dfes Interesse daran gezeigt haben, CAN besser kennenzulernen. Es war in der Tat eine fr\u00f6hliche und lohnende Zeit, in der wir einen \u00dcberblick \u00fcber die Pl\u00e4ne und den aktuellen Stand des Vereins geben konnten.<\/p>\n\n\n\n<hr class=\"wp-block-separator has-alpha-channel-opacity is-style-dots\" style=\"margin-top:var(--wp--preset--spacing--40);margin-bottom:var(--wp--preset--spacing--40)\"\/>\n\n\n\n<figure class=\"wp-block-image size-large\"><img loading=\"lazy\" decoding=\"async\" width=\"1024\" height=\"768\" src=\"https:\/\/civilaction.net\/wp-content\/uploads\/integralead-1-1024x768.jpeg\" alt=\"\" class=\"wp-image-1982\" srcset=\"https:\/\/civilaction.net\/wp-content\/uploads\/integralead-1-1024x768.jpeg 1024w, https:\/\/civilaction.net\/wp-content\/uploads\/integralead-1-300x225.jpeg 300w, https:\/\/civilaction.net\/wp-content\/uploads\/integralead-1-768x576.jpeg 768w, https:\/\/civilaction.net\/wp-content\/uploads\/integralead-1-1536x1152.jpeg 1536w, https:\/\/civilaction.net\/wp-content\/uploads\/integralead-1-16x12.jpeg 16w, https:\/\/civilaction.net\/wp-content\/uploads\/integralead-1.jpeg 1600w\" sizes=\"auto, (max-width: 1024px) 100vw, 1024px\" \/><\/figure>\n\n\n\n<h4 class=\"wp-block-heading has-black-color has-text-color has-link-color wp-elements-d6cd5f0d37111d913f0fb6cb4c8c59da\" id=\"integralead\">Integralead Practitioners Gathering<\/h4>\n\n\n\n<h6 class=\"wp-block-heading has-tertiary-color has-text-color has-link-color wp-elements-47a08abba251ffbf8020c0da8ba95653\">Mittwoch, 12. November &#8211; Sonntag, 16. November \/\/ Wiener Umland<\/h6>\n\n\n\n<p>Nach fast einem Jahr Integralead-Projekt fand Mitte November das H\u00f6hepunkt-Event statt: F\u00fcnf Tage lang kamen ehemalige Teilnehmer, erfahrene G\u00e4ste und Menschen, die in ihren Initiativen Verantwortung \u00fcbernehmen, zusammen, um der Frage nachzugehen: \u201eWie k\u00f6nnen wir uns gegenseitig unterst\u00fctzen, damit wir besser in der Lage sind, andere zum Handeln f\u00fcr unsere gemeinsamen Ziele zu bef\u00e4higen?\u201c<\/p>\n\n\n\n<p>Jonas und Jan moderierten das Programm mit Unterst\u00fctzung von Asia und Natalia (unseren Freundinnen von der Better World Association in Posen, Polen, mit denen wir das Projekt durchf\u00fchren) und Joost versorgte alle mit leckerem Essen.<\/p>\n\n\n\n<figure class=\"wp-block-gallery has-nested-images columns-default is-cropped wp-block-gallery-1 is-layout-flex wp-block-gallery-is-layout-flex\">\n<figure class=\"wp-block-image size-large\"><img loading=\"lazy\" decoding=\"async\" width=\"1024\" height=\"458\" data-id=\"1984\" src=\"https:\/\/civilaction.net\/wp-content\/uploads\/Integralead-3-1024x458.jpeg\" alt=\"\" class=\"wp-image-1984\" srcset=\"https:\/\/civilaction.net\/wp-content\/uploads\/Integralead-3-1024x458.jpeg 1024w, https:\/\/civilaction.net\/wp-content\/uploads\/Integralead-3-300x134.jpeg 300w, https:\/\/civilaction.net\/wp-content\/uploads\/Integralead-3-768x344.jpeg 768w, https:\/\/civilaction.net\/wp-content\/uploads\/Integralead-3-1536x687.jpeg 1536w, https:\/\/civilaction.net\/wp-content\/uploads\/Integralead-3-18x8.jpeg 18w, https:\/\/civilaction.net\/wp-content\/uploads\/Integralead-3.jpeg 1600w\" sizes=\"auto, (max-width: 1024px) 100vw, 1024px\" \/><\/figure>\n<\/figure>\n\n\n\n<p>Dies war unsere bisher gr\u00f6\u00dfte und l\u00e4ngste Pr\u00e4senzschulung und sie scheint ein gro\u00dfer Erfolg gewesen zu sein \u2013 halten Sie die Augen offen f\u00fcr Einblicke in den Inhalt der Schulung und das gesamte Projekt, die bald hier ver\u00f6ffentlicht und angek\u00fcndigt werden.<\/p>\n\n\n\n<figure class=\"wp-block-image size-large\"><img loading=\"lazy\" decoding=\"async\" width=\"1024\" height=\"771\" src=\"https:\/\/civilaction.net\/wp-content\/uploads\/Integralead-2-1-1024x771.jpeg\" alt=\"\" class=\"wp-image-1985\" srcset=\"https:\/\/civilaction.net\/wp-content\/uploads\/Integralead-2-1-1024x771.jpeg 1024w, https:\/\/civilaction.net\/wp-content\/uploads\/Integralead-2-1-300x226.jpeg 300w, https:\/\/civilaction.net\/wp-content\/uploads\/Integralead-2-1-768x578.jpeg 768w, https:\/\/civilaction.net\/wp-content\/uploads\/Integralead-2-1-1536x1156.jpeg 1536w, https:\/\/civilaction.net\/wp-content\/uploads\/Integralead-2-1-16x12.jpeg 16w, https:\/\/civilaction.net\/wp-content\/uploads\/Integralead-2-1.jpeg 1600w\" sizes=\"auto, (max-width: 1024px) 100vw, 1024px\" \/><\/figure>\n\n\n\n<hr class=\"wp-block-separator has-alpha-channel-opacity is-style-dots\" style=\"margin-top:var(--wp--preset--spacing--40);margin-bottom:var(--wp--preset--spacing--40)\"\/>\n\n\n\n<h4 class=\"wp-block-heading has-black-color has-text-color has-link-color wp-elements-002f84ea42d647153296b195c3b282f1\" id=\"EZC-P\">\u201cErz\u00e4hlcaf\u00e9\u201d in 1150 \/\/ Verbunden durchs Erz\u00e4hlen<\/h4>\n\n\n\n<h6 class=\"wp-block-heading has-tertiary-color has-text-color has-link-color wp-elements-fc55f0fb1f48e208d42fdb543a5531f5\">Montag, 17. November \/\/ Nobilegasse 33-35\/5, 1150 Wien<\/h6>\n\n\n\n<p>Zum ersten Mal fand das Erz\u00e4hlcaf\u00e9 im Pensionist:innenklub in der Nobilegasse im 15. Bezirk statt. Bei Kaffee und Kuchen kamen an einem langen Tisch sowohl regelm\u00e4\u00dfige Besucher:innen des Klubs als auch neue Gesichter zusammen. Durch das gemeinsame Geschichtenerz\u00e4hlen entstanden lebendige Begegnungen.<\/p>\n\n\n\n<p>Es wurde \u00fcber den Wandel im eigenen Leben gesprochen und das auf eine humorvolle, erstaunlich ehrliche und vor allem ber\u00fchrende Weise. Einige erinnerten sich an vergangene Zeiten, andere kn\u00fcpften an Entwicklungen der Gegenwart an und teilten aktuelle Sorgen, \u00c4ngste und Hoffnungen. In kurzen Anekdoten von jeweils f\u00fcnf Minuten wurde erz\u00e4hlt, zugeh\u00f6rt, Anteil genommen und gelacht. So entstand durch das Teilen von Geschichten ein besonderes Gef\u00fchl von Gemeinschaft, \u00fcber Generationen hinweg.&nbsp;<\/p>\n\n\n\n<p>Neugierig geworden? Ein weiteres Erz\u00e4hlcaf\u00e9 findet am 8. Dezember von 15:30 &#8211; 17:00 Uhr im Verein Login (Weiglgasse 19, 1150) statt. Kommt gerne vorbei. Erz\u00e4hlen ist freiweilig, zuh\u00f6ren ist Pflicht.<\/p>","protected":false},"excerpt":{"rendered":"<p>Liebe*r Leser*in! Als die Temperaturen im November immer k\u00e4lter wurden, wurde der Winter erwartet. Und dann verwandelte der Schnee letzte Woche die Stadt in ein wei\u00dfes Wunderland. Die K\u00e4lte hielt uns nicht davon ab, uns drinnen einzukuscheln: Wir hatten einen gesch\u00e4ftigen Monat voller Aktivit\u00e4ten. Der Monat begann mit einem erfolgreichen Einlege-Workshop im 20. Bezirk, gefolgt [&hellip;]<\/p>","protected":false},"author":23,"featured_media":0,"comment_status":"open","ping_status":"open","sticky":false,"template":"","format":"standard","meta":{"_acf_changed":false,"give_campaign_id":0,"footnotes":""},"categories":[131],"tags":[],"topic":[],"class_list":["post-1978","post","type-post","status-publish","format-standard","hentry","category-newsletter-collection"],"acf":[],"_links":{"self":[{"href":"https:\/\/civilaction.net\/de\/wp-json\/wp\/v2\/posts\/1978","targetHints":{"allow":["GET"]}}],"collection":[{"href":"https:\/\/civilaction.net\/de\/wp-json\/wp\/v2\/posts"}],"about":[{"href":"https:\/\/civilaction.net\/de\/wp-json\/wp\/v2\/types\/post"}],"author":[{"embeddable":true,"href":"https:\/\/civilaction.net\/de\/wp-json\/wp\/v2\/users\/23"}],"replies":[{"embeddable":true,"href":"https:\/\/civilaction.net\/de\/wp-json\/wp\/v2\/comments?post=1978"}],"version-history":[{"count":4,"href":"https:\/\/civilaction.net\/de\/wp-json\/wp\/v2\/posts\/1978\/revisions"}],"predecessor-version":[{"id":2000,"href":"https:\/\/civilaction.net\/de\/wp-json\/wp\/v2\/posts\/1978\/revisions\/2000"}],"wp:attachment":[{"href":"https:\/\/civilaction.net\/de\/wp-json\/wp\/v2\/media?parent=1978"}],"wp:term":[{"taxonomy":"category","embeddable":true,"href":"https:\/\/civilaction.net\/de\/wp-json\/wp\/v2\/categories?post=1978"},{"taxonomy":"post_tag","embeddable":true,"href":"https:\/\/civilaction.net\/de\/wp-json\/wp\/v2\/tags?post=1978"},{"taxonomy":"topic","embeddable":true,"href":"https:\/\/civilaction.net\/de\/wp-json\/wp\/v2\/topic?post=1978"}],"curies":[{"name":"wp","href":"https:\/\/api.w.org\/{rel}","templated":true}]}}