{"id":1936,"date":"2025-11-02T21:48:12","date_gmt":"2025-11-02T20:48:12","guid":{"rendered":"https:\/\/civilaction.net\/?p=1936"},"modified":"2025-11-02T21:51:07","modified_gmt":"2025-11-02T20:51:07","slug":"newsletter-november-2025","status":"publish","type":"post","link":"https:\/\/civilaction.net\/de\/2025\/11\/newsletter-november-2025\/","title":{"rendered":"November 2025 newsletter"},"content":{"rendered":"<p>Liebe*r Leser*in!<\/p>\n\n\n\n<p>Die Bl\u00e4tter f\u00e4rben sich bunt, die Temperaturen sind gesunken und die K\u00fcrbissaison hat begonnen \u2013 die Natur signalisiert uns, dass wir uns auf den Winter vorbereiten sollten. Das bedeutet jedoch nicht, dass wir alle unsere Aktivit\u00e4ten einstellen. Wir haben einige von euch beim Cross Movement Open Space getroffen und waren letzten Monat auf der Freiwilligenmesse vertreten.<\/p>\n\n\n\n<p>Auch im n\u00e4chsten Monat sind wir mit Aktivit\u00e4ten wie \u201eCarrots in Jars\u201d, \u201eThe Can Together\u201d und nat\u00fcrlich unserem monatlichen Stammtisch besch\u00e4ftigt. Im Rahmen vom Integralead-Projekt werden wir uns f\u00fcr eine Woche voller Workshops im Wiener Wald versammeln. Au\u00dferdem wird es ein Erz\u00e4hlcaf\u00e9 im 15. Bezirk geben.<\/p>\n\n\n\n<p>Joost<\/p>\n\n\n\n<hr class=\"wp-block-separator has-alpha-channel-opacity is-style-dots\" style=\"margin-top:var(--wp--preset--spacing--40);margin-bottom:var(--wp--preset--spacing--40)\"\/>\n\n\n\n<h6 class=\"wp-block-heading\">Dieser Newsletter:<\/h6>\n\n\n\n<p><strong>Kommende Veranstaltungen: <\/strong><\/p>\n\n\n\n<ul class=\"wp-block-list\">\n<li><a href=\"#stammtisch\">November Stammtisch<\/a><\/li>\n\n\n\n<li><a href=\"#Carrots\" data-type=\"internal\" data-id=\"#carrots\">Carrots in Jars<\/a><\/li>\n\n\n\n<li><a href=\"#SMNM\">Social Movement Networking Meet-up<\/a><\/li>\n\n\n\n<li><a href=\"#gathering\">LAST CALL: CAN Gathering Autumn 2025<\/a><\/li>\n\n\n\n<li><a href=\"#Integralead\">LAST CALL: Integralead Practitioners Gathering<\/a><\/li>\n\n\n\n<li><a href=\"#erzahlcafe\">Erz\u00e4hlcaf\u00e9<\/a><\/li>\n\n\n\n<li><a href=\"#Cantogether\">Save the Date: CAN Together<\/a><\/li>\n<\/ul>\n\n\n\n<p><strong>Vergangene Veranstaltungen: <\/strong><\/p>\n\n\n\n<ul class=\"wp-block-list\">\n<li><a href=\"#cmos\">6. Cross Movement Open Space!<\/a><\/li>\n\n\n\n<li><a href=\"#freiwilligenmesse\">Freiwilligenmesse<\/a><\/li>\n\n\n\n<li><a href=\"#KF\">Keep Fresh #8 Fermentations Workshop<\/a><\/li>\n<\/ul>\n\n\n\n<hr class=\"wp-block-separator has-alpha-channel-opacity is-style-dots\" style=\"margin-top:var(--wp--preset--spacing--40);margin-bottom:var(--wp--preset--spacing--40)\"\/>\n\n\n\n<h4 class=\"wp-block-heading has-text-align-center has-tertiary-background-color has-background has-x-large-font-size\" style=\"margin-top:0;margin-right:0;margin-bottom:0;margin-left:0\"><strong>Kommende Veranstaltungen<\/strong><\/h4>\n\n\n\n<h4 class=\"wp-block-heading has-black-color has-text-color has-link-color wp-elements-b62acf7879b7c50ba62acd9b5f8bf048\" id=\"stammtisch\">Stammtisch im November<\/h4>\n\n\n\n<h6 class=\"wp-block-heading has-tertiary-color has-text-color has-link-color wp-elements-c5bc1ccf5162dee7d73ced1044122a5b\">Donnerstag, 13. November \/\/ 19:00 &#8211; 22:00<br>Cafe Weidinger, Lerchenfelder G\u00fcrtel 1, 1160 \/\/ Sprachen : Englisch und Deutsch<\/h6>\n\n\n\n<p>Komm zu unserem Stammtisch, unserem monatlichen Treffen, bei dem wir uns \u00fcber das aktuelle Geschehen bei CAN und in unserem Umfeld austauschen. Der Stammtisch ist ein entspannter Rahmen, um Menschen kennenlernen zu k\u00f6nnen, die sich in der Community engagieren, um sich \u00fcber laufende Projekte zu informieren und um neue M\u00f6glichkeiten zu entdecken, sich einzubringen. Egal, ob du dich grunds\u00e4tzlich f\u00fcr den Verein interessierst, Gleichgesinnte suchst, einfach nur nett plaudern m\u00f6chtest oder M\u00f6glichkeiten f\u00fcr ein aktiveres Engagement erkunden m\u00f6chtest \u2013 der Stammtisch ist der perfekte Ausgangspunkt. Au\u00dferdem ist es ein sch\u00f6ner und ungezwungener Ort, um gemeinsam Zeit zu verbringen.<\/p>\n\n\n\n<p>F\u00fcr weitere Informationen und zur Anmeldung klicke bitte auf das Bild unten!<\/p>\n\n\n\n<div class=\"wp-block-group is-layout-constrained wp-block-group-is-layout-constrained\">\n<figure class=\"wp-block-image size-large\"><a href=\"https:\/\/civilaction.net\/de\/event\/stammtisch-november-2025\/\" target=\"_blank\" rel=\" noreferrer noopener\"><img loading=\"lazy\" decoding=\"async\" width=\"1024\" height=\"576\" src=\"https:\/\/civilaction.net\/wp-content\/uploads\/Stammtisch-11_251-1024x576.jpg\" alt=\"\" class=\"wp-image-1940\" srcset=\"https:\/\/civilaction.net\/wp-content\/uploads\/Stammtisch-11_251-1024x576.jpg 1024w, https:\/\/civilaction.net\/wp-content\/uploads\/Stammtisch-11_251-300x169.jpg 300w, https:\/\/civilaction.net\/wp-content\/uploads\/Stammtisch-11_251-768x432.jpg 768w, https:\/\/civilaction.net\/wp-content\/uploads\/Stammtisch-11_251-1536x864.jpg 1536w, https:\/\/civilaction.net\/wp-content\/uploads\/Stammtisch-11_251-18x10.jpg 18w, https:\/\/civilaction.net\/wp-content\/uploads\/Stammtisch-11_251.jpg 1920w\" sizes=\"auto, (max-width: 1024px) 100vw, 1024px\" \/><\/a><\/figure>\n\n\n\n<hr class=\"wp-block-separator has-alpha-channel-opacity is-style-dots\" style=\"margin-top:var(--wp--preset--spacing--40);margin-bottom:var(--wp--preset--spacing--40)\"\/>\n<\/div>\n\n\n\n<div class=\"wp-block-group is-layout-constrained wp-block-group-is-layout-constrained\">\n<h4 class=\"wp-block-heading has-black-color has-text-color has-link-color wp-elements-f0e54e503fe526ea8c1551b08dba00cb\" id=\"Carrots\"><strong>Carrots in jars 1200 Einlege-Workshop #1<\/strong><\/h4>\n\n\n\n<h6 class=\"wp-block-heading has-tertiary-color has-text-color has-link-color wp-elements-9713e9a115d4a76d28143a8230d440c1\"><strong>Montag, 3. November \/\/ 17:00 &#8211; 20:00<\/strong><br><strong>VHS Brigittenau \/ <\/strong><a href=\"https:\/\/www.google.com\/maps\/place\/\/data=!4m2!3m1!1s0x476d064b81d1f031:0x95c11324e7bdb0a6?sa=X&amp;ved=1t:8290&amp;ictx=111\"><strong>Raffaelgasse 11\/1, 1200 Wien<\/strong><\/a><strong> (2nd floor) \/\/ Sprachen : Englisch, Deutsch und Polnisch<\/strong><\/h6>\n\n\n\n<p>Wir verarbeiten und konservieren \u00fcbrig gebliebenes Gem\u00fcse von einem lokalen Biobauern aus dem 22. Wiener Gemeindebezirk \u2013 s\u00fc\u00df-sauer, lecker und lange haltbar. W\u00e4hrend des Workshops lernst du etwas \u00fcber das Einlegen und\/oder Fermentieren. Wir konservieren Gem\u00fcse, das sonst vielleicht im M\u00fcll landen w\u00fcrde, experimentieren, plaudern und tauschen uns aus.<\/p>\n\n\n\n<p>Komm vorbei, bring deine eigenen (Einmach-)Gl\u00e4ser mit, f\u00fclle sie mit eingelegtem Gem\u00fcse, nimm sie mit nach Hause und lerne neue Leute sowie neue Konservierungstechniken kennen. Die Workshops werden angeleitet, sind kostenlos und laden Menschen mit unterschiedlichsten Hintergr\u00fcnden zur Teilnahme ein \u2013 ganz unabh\u00e4ngig von Vorkenntnissen \u00fcber Konservierung oder Ressourcen.<\/p>\n\n\n\n<p>F\u00fcr weitere Informationen und zur Anmeldung klicke auf das Bild unten!<\/p>\n\n\n\n<figure class=\"wp-block-image size-large\"><a href=\"https:\/\/civilaction.net\/de\/event\/carrots-in-jars-1200-wien-1-pickling-workshop-2\/\" target=\"_blank\" rel=\" noreferrer noopener\"><img loading=\"lazy\" decoding=\"async\" width=\"1024\" height=\"576\" src=\"https:\/\/civilaction.net\/wp-content\/uploads\/Carrots-in-Jars-1200-Preservation-Workshop-1-1024x576.jpg\" alt=\"\" class=\"wp-image-1942\" srcset=\"https:\/\/civilaction.net\/wp-content\/uploads\/Carrots-in-Jars-1200-Preservation-Workshop-1-1024x576.jpg 1024w, https:\/\/civilaction.net\/wp-content\/uploads\/Carrots-in-Jars-1200-Preservation-Workshop-1-300x169.jpg 300w, https:\/\/civilaction.net\/wp-content\/uploads\/Carrots-in-Jars-1200-Preservation-Workshop-1-768x432.jpg 768w, https:\/\/civilaction.net\/wp-content\/uploads\/Carrots-in-Jars-1200-Preservation-Workshop-1-1536x864.jpg 1536w, https:\/\/civilaction.net\/wp-content\/uploads\/Carrots-in-Jars-1200-Preservation-Workshop-1-18x10.jpg 18w, https:\/\/civilaction.net\/wp-content\/uploads\/Carrots-in-Jars-1200-Preservation-Workshop-1.jpg 1920w\" sizes=\"auto, (max-width: 1024px) 100vw, 1024px\" \/><\/a><\/figure>\n\n\n\n<hr class=\"wp-block-separator has-alpha-channel-opacity is-style-dots\"\/>\n\n\n\n<h4 class=\"wp-block-heading has-black-color has-text-color has-link-color wp-elements-a4845004816a179c4bde12164beaa6d3\" id=\"SMNM\">Social Movement networking meet-up<\/h4>\n\n\n\n<h6 class=\"wp-block-heading has-tertiary-color has-text-color has-link-color wp-elements-62ef227d2688406af458287b71e08b1d\">Dienstag, 4. November \/\/ 19:00 &#8211; 21:30<br>Donnerstag, 4. Dezember \/\/ 19:00 &#8211; 21:30<br>Cafe Weidinger, Lerchenfelder G\u00fcrtel 1, 1160 \/\/ Sprachen : Englisch, Deutsch und Polnisch<\/h6>\n\n\n\n<p>Hast du in der vergangenen Saison am \u201eSocial Movement Networking Lunch\u201d teilgenommen? M\u00f6chtest du neue Kontakte kn\u00fcpfen oder einfach wieder mit Anderen in Verbindung treten? Dann lade ich dich ein, morgen oder am 4. Dezember dabei zu sein.<\/p>\n\n\n\n<p>Oder hast du vielleicht am letzten Cross-Movement Open Space teilgenommen und das Gef\u00fchl gehabt, dass du nicht alles zum Thema \u201eDemokratischer Diskurs\u201d sagen konntest? M\u00f6chtest du wieder mit anderen Teilnehmer:innen in Kontakt treten? Oder konntest du nicht dabei sein und m\u00f6chtest wissen, wie es war?&nbsp;<\/p>\n\n\n\n<p>Dann komm doch gerne zum Social Movement Networking Meet-up an einem oder beiden der genannten Daten, Jan und Nicole freuen sich auf dich!<\/p>\n\n\n\n<figure class=\"wp-block-image size-large\"><img loading=\"lazy\" decoding=\"async\" width=\"1024\" height=\"576\" src=\"https:\/\/civilaction.net\/wp-content\/uploads\/CMOS-follow-up-SMN-1-1024x576.png\" alt=\"\" class=\"wp-image-1950\" srcset=\"https:\/\/civilaction.net\/wp-content\/uploads\/CMOS-follow-up-SMN-1-1024x576.png 1024w, https:\/\/civilaction.net\/wp-content\/uploads\/CMOS-follow-up-SMN-1-300x169.png 300w, https:\/\/civilaction.net\/wp-content\/uploads\/CMOS-follow-up-SMN-1-768x432.png 768w, https:\/\/civilaction.net\/wp-content\/uploads\/CMOS-follow-up-SMN-1-1536x864.png 1536w, https:\/\/civilaction.net\/wp-content\/uploads\/CMOS-follow-up-SMN-1-18x10.png 18w, https:\/\/civilaction.net\/wp-content\/uploads\/CMOS-follow-up-SMN-1.png 1920w\" sizes=\"auto, (max-width: 1024px) 100vw, 1024px\" \/><\/figure>\n\n\n\n<hr class=\"wp-block-separator has-alpha-channel-opacity is-style-dots\" style=\"margin-top:var(--wp--preset--spacing--40);margin-bottom:var(--wp--preset--spacing--40)\"\/>\n\n\n\n<h4 class=\"wp-block-heading has-black-color has-text-color has-link-color wp-elements-bbef4b684670fc518dcf76488eb34678\" id=\"gathering\"><strong>last call <\/strong>&#8211; <strong>CAN Gathering Herbst 2025<\/strong><\/h4>\n\n\n\n<h6 class=\"wp-block-heading has-tertiary-color has-text-color has-link-color wp-elements-d1dbdee9a3c9c649292ce461ef5e1713\">Donnerstag, 6. November \u2013 Sonntag, 9. November<br>M\u00fchle Nikitsch, Berggasse 26, 7302 Nikitsch \/\/ Sprache: Englisch, Deutsch<\/h6>\n\n\n\n<p>Willst du die Menschen, die bei CAN aktiv sind, besser kennenlernen?&nbsp;<\/p>\n\n\n\n<p>M\u00f6chtest du selbst Ideen einbringen oder bei einem unserer bestehenden Projekte mitmachen?<\/p>\n\n\n\n<p>Dann melde dich f\u00fcr das Gathering an, das diesmal in der wundersch\u00f6nen M\u00fchle Nikitsch stattfinden wird. Diese liegt mit \u00f6ffentlichen Verkehrsmitteln nur 1,5 Stunden von Wien entfernt.<\/p>\n\n\n\n<p>Wir freuen uns auf gemeinsame Tage mit dir mit Raum zum plaudern, gemeinsamer Inspiration, Gestalten und Entspannen!<\/p>\n\n\n\n<p>F\u00fcr weitere Informationen und zur Anmeldung klicke auf das Bild unten!<\/p>\n\n\n\n<figure class=\"wp-block-image size-full\"><a href=\"https:\/\/civilaction.net\/de\/event\/can-gathering-autumn-2025\/\" target=\"_blank\" rel=\" noreferrer noopener\"><img decoding=\"async\" src=\"https:\/\/civilaction.net\/wp-content\/uploads\/89879742-6149-4505-9d86-98acf276d43d.png\" alt=\"\" class=\"wp-image-1651\"\/><\/a><\/figure>\n\n\n\n<hr class=\"wp-block-separator has-alpha-channel-opacity is-style-dots\" style=\"margin-top:var(--wp--preset--spacing--40);margin-bottom:var(--wp--preset--spacing--40)\"\/>\n\n\n\n<h4 class=\"wp-block-heading has-black-color has-text-color has-link-color wp-elements-78ca559ea5db08db516b5bddeaf54a89\" id=\"Integralead\">last call &#8211; Integralead practitioners gathering<\/h4>\n\n\n\n<h6 class=\"wp-block-heading has-tertiary-color has-text-color has-link-color wp-elements-ce858fb163c0211fd5849cadac5620d6\"><strong><strong>Mittwoch, 12. \u2013 Sonntag, 16. November<\/strong><\/strong><br><strong><strong>Wiener Umland&nbsp; \/\/ Sprache: Englisch<\/strong><\/strong><\/h6>\n\n\n\n<p><strong>Die offizielle Anmeldung ist bereits geschlossen, aber da wir noch einige wenige Pl\u00e4tze frei haben, m\u00f6chten wir Dir eine letzte Chance geben, dabei zu sein!&nbsp;<\/strong><\/p>\n\n\n\n<p>Als H\u00f6hepunkt des Integralead-Projekts organisieren wir ein f\u00fcnft\u00e4giges, gemeinsam gestaltetes Treffen. Dies soll ein Rahmen sein, indem wir gemeinsam lernen und uns \u00fcber verschiedene Aspekte von Leitung\/F\u00fchrung\/Verantwortungs\u00fcbernahme in einer Gruppe, Initiative oder Organisation austauschen k\u00f6nnen.<\/p>\n\n\n\n<p>Kn\u00fcpfe Kontakte zu Menschen mit unterschiedlichen Hintergr\u00fcnden und Erfahrungen!<\/p>\n\n\n\n<p>Lerne gemeinsam mit erfahrenen Praktiker*innen aus anderen L\u00e4ndern!<\/p>\n\n\n\n<p>F\u00fcr weitere Informationen und zur Anmeldung klicke auf das Bild unten!<\/p>\n\n\n\n<figure class=\"wp-block-image aligncenter size-large\"><a href=\"https:\/\/civilaction.net\/de\/event\/integralead-practitioners-gathering\/\" target=\"_blank\" rel=\" noreferrer noopener\"><img loading=\"lazy\" decoding=\"async\" width=\"1024\" height=\"576\" src=\"https:\/\/civilaction.net\/wp-content\/uploads\/INTEGRALEAD-BANNER_Practitiones-Gathering-1024x576.png\" alt=\"\" class=\"wp-image-1859\" srcset=\"https:\/\/civilaction.net\/wp-content\/uploads\/INTEGRALEAD-BANNER_Practitiones-Gathering-1024x576.png 1024w, https:\/\/civilaction.net\/wp-content\/uploads\/INTEGRALEAD-BANNER_Practitiones-Gathering-300x169.png 300w, https:\/\/civilaction.net\/wp-content\/uploads\/INTEGRALEAD-BANNER_Practitiones-Gathering-768x432.png 768w, https:\/\/civilaction.net\/wp-content\/uploads\/INTEGRALEAD-BANNER_Practitiones-Gathering-1536x864.png 1536w, https:\/\/civilaction.net\/wp-content\/uploads\/INTEGRALEAD-BANNER_Practitiones-Gathering-18x10.png 18w, https:\/\/civilaction.net\/wp-content\/uploads\/INTEGRALEAD-BANNER_Practitiones-Gathering.png 1920w\" sizes=\"auto, (max-width: 1024px) 100vw, 1024px\" \/><\/a><\/figure>\n\n\n\n<hr class=\"wp-block-separator has-alpha-channel-opacity is-style-dots\" style=\"margin-top:var(--wp--preset--spacing--40);margin-bottom:var(--wp--preset--spacing--40)\"\/>\n\n\n\n<h4 class=\"wp-block-heading has-black-color has-text-color has-link-color wp-elements-39bf0c8574edde93358f700a28230ec7\" id=\"erzahlcafe\"><strong>\u201cErz\u00e4hlcaf\u00e9\u201d in 1150 \/\/ Verbunden durchs Erz\u00e4hlen<\/strong><\/h4>\n\n\n\n<h6 class=\"wp-block-heading has-tertiary-color has-text-color has-link-color wp-elements-e623b009b85f446b8e8f00dc1441bc62\"><strong>Montag, 17. November \/\/ 14:00 &#8211; 15:30 Uhr<\/strong><br><strong>Pensionist*innenklub Nobilegasse, Nobilegasse 33-35\/5, 1150 Wien \/\/ Sprache: Deutsch (ab A2 Level)<\/strong><\/h6>\n\n\n\n<p>Erz\u00e4hlcaf\u00e9s sind ein Erz\u00e4hlformat, das in den 1980er-Jahren entstanden ist, um Menschen zusammenzubringen, damals oft jene, die die beiden Weltkriege erlebt hatten, damit sie ihre pers\u00f6nlichen Geschichten teilen konnten: Geschichten, die geh\u00f6rt werden mussten.<\/p>\n\n\n\n<p>In unserer heutigen, schnelllebigen Welt sind Momente, in denen wir wirklich zuh\u00f6ren und in denen uns jemand wirklich zuh\u00f6rt, selten geworden. Mit dem Erz\u00e4hlcaf\u00e9 m\u00f6chten wir diese sch\u00f6ne Tradition wieder aufleben lassen: in einer gem\u00fctlichen, offenen Erz\u00e4hlrunde, in der Menschen zusammenkommen, ihre Erfahrungen teilen und einander mit Aufmerksamkeit und Interesse zuh\u00f6ren.<\/p>\n\n\n\n<p>Am 17. November laden wir euch herzlich ein, kleine St\u00fccke unserer pers\u00f6nlichen Geschichten zum Thema \u201cVer\u00e4nderung\u201d zu teilen: Momente, in denen wir Ver\u00e4nderungen erlebt haben, und solche, in denen wir selbst Ver\u00e4nderung gestaltet haben.<\/p>\n\n\n\n<p>Eine Anmeldung ist nicht n\u00f6tig, kommt einfach vorbei, zum Erz\u00e4hlen oder auch nur zum Zuh\u00f6ren.<\/p>\n\n\n\n<hr class=\"wp-block-separator has-alpha-channel-opacity is-style-dots\"\/>\n\n\n\n<h4 class=\"wp-block-heading\" id=\"Cantogether\">Save the date: Can together<\/h4>\n\n\n\n<h6 class=\"wp-block-heading has-tertiary-color has-text-color has-link-color wp-elements-7cc2da990dc8ee14fbd5c7bdad77f83a\"><strong>Samstag, 29. November \/\/ 16:00 &#8211; 22:00<\/strong><br><strong>Young Caritas ActionFabrik, Heiligenst\u00e4dter Str. 31, G\u00fcrtelbogen 353, 1190 \/\/ Sprachen: Englisch und deutsch<br><\/strong><\/h6>\n\n\n\n<p>Es ist Zeit f\u00fcr die Winterausgabe unseres viertelj\u00e4hrlichen Treffens.<br>Kommt vorbei, um euch an tiefgehenden Gespr\u00e4chen zu beteiligen, gemeinsam zu essen und Menschen kennenzulernen, die im Civil Action Network aktiv sind.<br>Lasst uns gemeinsam einen inspirierenden Abend verbringen!<\/p>\n\n\n\n<p>Dieses Mal veranstalten wir einen <strong>Workshop \u00fcber die Herausforderungen, denen junge Erwachsene auf ihrem Weg zum politischen Engagement begegnen<\/strong>.<\/p>\n\n\n\n<p>Lade deine Freund:innen ein, die nach M\u00f6glichkeiten f\u00fcr ein sinnvolles politisches Engagement suchen, und diejenigen, die ihre Erfahrungen mit der \u00dcberwindung verschiedener Hindernisse teilen m\u00f6chten.<\/p>\n\n\n\n<p>Was hindert junge Erwachsene in Wien daran, mehr politische Mitsprache zu erlangen?<br>Wo gibt es Raum f\u00fcr Dein Engagement, auch wenn Du \u201eneu\u201d in der Stadt bist?<br>Was hindert uns selbst daran, aktiver zu werden?<\/p>\n\n\n\n<p><strong>Der Workshop wird in englischer Sprache stattfinden.&nbsp;<\/strong><\/p>\n\n\n\n<p>Wie immer gibt es auch gutes Essen, kalte und warme Getr\u00e4nke und viel Raum f\u00fcr sinnvolle Gespr\u00e4che und Kontakte.<\/p>\n\n\n\n<p>Um die Planung zu erleichtern, melden dich&nbsp; bitte unten an!<\/p>\n\n\n\n<figure class=\"wp-block-image size-large\"><img loading=\"lazy\" decoding=\"async\" width=\"1024\" height=\"576\" src=\"https:\/\/civilaction.net\/wp-content\/uploads\/1.03.25-website-1-1024x576.jpg\" alt=\"\" class=\"wp-image-1963\" srcset=\"https:\/\/civilaction.net\/wp-content\/uploads\/1.03.25-website-1-1024x576.jpg 1024w, https:\/\/civilaction.net\/wp-content\/uploads\/1.03.25-website-1-300x169.jpg 300w, https:\/\/civilaction.net\/wp-content\/uploads\/1.03.25-website-1-768x432.jpg 768w, https:\/\/civilaction.net\/wp-content\/uploads\/1.03.25-website-1-1536x864.jpg 1536w, https:\/\/civilaction.net\/wp-content\/uploads\/1.03.25-website-1-18x10.jpg 18w, https:\/\/civilaction.net\/wp-content\/uploads\/1.03.25-website-1.jpg 1920w\" sizes=\"auto, (max-width: 1024px) 100vw, 1024px\" \/><\/figure>\n\n\n\n<hr class=\"wp-block-separator has-alpha-channel-opacity is-style-dots\" style=\"margin-top:var(--wp--preset--spacing--40);margin-bottom:var(--wp--preset--spacing--40)\"\/>\n\n\n\n<h4 class=\"wp-block-heading has-text-align-center has-tertiary-background-color has-background has-x-large-font-size\" style=\"margin-top:0;margin-right:0;margin-bottom:0;margin-left:0\"><strong>vergangene Veranstaltungen<\/strong><\/h4>\n\n\n\n<h4 class=\"wp-block-heading has-black-color has-text-color has-link-color wp-elements-35d8286bbeea3b9064c7065427633c00\" id=\"cmos\">6. Cross movement open space!<\/h4>\n\n\n\n<h6 class=\"wp-block-heading has-tertiary-color has-text-color has-link-color wp-elements-da5599f0cfd293189d95e71d3223daa6\">samstag + sonntag, 25. + 26. Oktober \/\/ 1020, wien<\/h6>\n\n\n\n<p>Zum sechsten Mal kamen Menschen aus verschiedenen sozialen Bewegungen und Initiativen zu unserer Herbstausgabe des Cross-Movement Open Space zusammen. Zwei Tage lang tauschten 65 Teilnehmerinnen und Teilnehmer Perspektiven, Meinungen und pers\u00f6nliche Erfahrungen zum Thema \u201eDemokratischen Diskurs pflegen\u201d aus.<\/p>\n\n\n\n<p>Was brauchen wir, und was brauchen wir nicht, um offen zu bleiben, Urteile zu vermeiden, Respekt zu f\u00f6rdern und gleichzeitig ehrlich und klar zu unseren Meinungen und Werten zu stehen?<\/p>\n\n\n\n<p>Das Open-Space-Format bot den Teilnehmern die M\u00f6glichkeit, pers\u00f6nliche Kontakte zu kn\u00fcpfen, Erfahrungen auszutauschen, voneinander zu lernen und sich \u00fcber verschiedene Bewegungen und Vereinigungen hinweg zu vernetzen. Es wurde viel ausgetauscht, viel diskutiert, neue und bekannte Gesichter trafen sich, und die Veranstaltung l\u00f6ste neue Motivation, Hoffnung und Energie f\u00fcr die bevorstehenden politisch aktiven Zeiten aus.<\/p>\n\n\n\n<p>Ein herzliches Dankesch\u00f6n an alle, die zur Durchf\u00fchrung dieser Veranstaltung beigetragen haben \u2013 das engagierte Organisationsteam, die flei\u00dfigen Helferinnen und Helfer und die engagierten und motivierten Teilnehmerinnen und Teilnehmer. \u2764\ufe0f<\/p>\n\n\n\n<figure class=\"wp-block-image size-large\"><img loading=\"lazy\" decoding=\"async\" width=\"1024\" height=\"710\" src=\"https:\/\/civilaction.net\/wp-content\/uploads\/IMG_9599-min-1024x710.png\" alt=\"\" class=\"wp-image-1943\" srcset=\"https:\/\/civilaction.net\/wp-content\/uploads\/IMG_9599-min-1024x710.png 1024w, https:\/\/civilaction.net\/wp-content\/uploads\/IMG_9599-min-300x208.png 300w, https:\/\/civilaction.net\/wp-content\/uploads\/IMG_9599-min-768x532.png 768w, https:\/\/civilaction.net\/wp-content\/uploads\/IMG_9599-min-1536x1065.png 1536w, https:\/\/civilaction.net\/wp-content\/uploads\/IMG_9599-min-2048x1420.png 2048w, https:\/\/civilaction.net\/wp-content\/uploads\/IMG_9599-min-18x12.png 18w\" sizes=\"auto, (max-width: 1024px) 100vw, 1024px\" \/><\/figure>\n\n\n\n<figure class=\"wp-block-image size-large\"><img loading=\"lazy\" decoding=\"async\" width=\"1024\" height=\"712\" src=\"https:\/\/civilaction.net\/wp-content\/uploads\/IMG_9474-min-1024x712.png\" alt=\"\" class=\"wp-image-1944\" srcset=\"https:\/\/civilaction.net\/wp-content\/uploads\/IMG_9474-min-1024x712.png 1024w, https:\/\/civilaction.net\/wp-content\/uploads\/IMG_9474-min-300x209.png 300w, https:\/\/civilaction.net\/wp-content\/uploads\/IMG_9474-min-768x534.png 768w, https:\/\/civilaction.net\/wp-content\/uploads\/IMG_9474-min-1536x1069.png 1536w, https:\/\/civilaction.net\/wp-content\/uploads\/IMG_9474-min-2048x1425.png 2048w, https:\/\/civilaction.net\/wp-content\/uploads\/IMG_9474-min-18x12.png 18w\" sizes=\"auto, (max-width: 1024px) 100vw, 1024px\" \/><\/figure>\n\n\n\n<figure class=\"wp-block-image size-large\"><img loading=\"lazy\" decoding=\"async\" width=\"1024\" height=\"644\" src=\"https:\/\/civilaction.net\/wp-content\/uploads\/IMG_9467-min-1024x644.png\" alt=\"\" class=\"wp-image-1945\" srcset=\"https:\/\/civilaction.net\/wp-content\/uploads\/IMG_9467-min-1024x644.png 1024w, https:\/\/civilaction.net\/wp-content\/uploads\/IMG_9467-min-300x189.png 300w, https:\/\/civilaction.net\/wp-content\/uploads\/IMG_9467-min-768x483.png 768w, https:\/\/civilaction.net\/wp-content\/uploads\/IMG_9467-min-1536x965.png 1536w, https:\/\/civilaction.net\/wp-content\/uploads\/IMG_9467-min-2048x1287.png 2048w, https:\/\/civilaction.net\/wp-content\/uploads\/IMG_9467-min-18x12.png 18w\" sizes=\"auto, (max-width: 1024px) 100vw, 1024px\" \/><\/figure>\n\n\n\n<figure class=\"wp-block-image size-large\"><img loading=\"lazy\" decoding=\"async\" width=\"1024\" height=\"746\" src=\"https:\/\/civilaction.net\/wp-content\/uploads\/IMG_9649-min-1024x746.png\" alt=\"\" class=\"wp-image-1946\" srcset=\"https:\/\/civilaction.net\/wp-content\/uploads\/IMG_9649-min-1024x746.png 1024w, https:\/\/civilaction.net\/wp-content\/uploads\/IMG_9649-min-300x219.png 300w, https:\/\/civilaction.net\/wp-content\/uploads\/IMG_9649-min-768x559.png 768w, https:\/\/civilaction.net\/wp-content\/uploads\/IMG_9649-min-1536x1119.png 1536w, https:\/\/civilaction.net\/wp-content\/uploads\/IMG_9649-min-2048x1492.png 2048w, https:\/\/civilaction.net\/wp-content\/uploads\/IMG_9649-min-16x12.png 16w\" sizes=\"auto, (max-width: 1024px) 100vw, 1024px\" \/><\/figure>\n\n\n\n<figure class=\"wp-block-image size-large\"><img loading=\"lazy\" decoding=\"async\" width=\"1024\" height=\"434\" src=\"https:\/\/civilaction.net\/wp-content\/uploads\/IMG_9643-min-1024x434.png\" alt=\"\" class=\"wp-image-1947\" srcset=\"https:\/\/civilaction.net\/wp-content\/uploads\/IMG_9643-min-1024x434.png 1024w, https:\/\/civilaction.net\/wp-content\/uploads\/IMG_9643-min-300x127.png 300w, https:\/\/civilaction.net\/wp-content\/uploads\/IMG_9643-min-768x325.png 768w, https:\/\/civilaction.net\/wp-content\/uploads\/IMG_9643-min-1536x651.png 1536w, https:\/\/civilaction.net\/wp-content\/uploads\/IMG_9643-min-2048x867.png 2048w, https:\/\/civilaction.net\/wp-content\/uploads\/IMG_9643-min-18x8.png 18w\" sizes=\"auto, (max-width: 1024px) 100vw, 1024px\" \/><\/figure>\n\n\n\n<hr class=\"wp-block-separator has-alpha-channel-opacity is-style-dots\" style=\"margin-top:var(--wp--preset--spacing--40);margin-bottom:var(--wp--preset--spacing--40)\"\/>\n\n\n\n<h4 class=\"wp-block-heading has-black-color has-text-color has-link-color wp-elements-0348e8a627e4541dfb063c89bedcd578\" id=\"freiwilligenmesse\">Freiwilligenmesse<\/h4>\n\n\n\n<h6 class=\"wp-block-heading has-tertiary-color has-text-color has-link-color wp-elements-88c5dbe5cf094baaa5130936495adbf6\"><strong>SAMstag + sonntag, 18. + 19. Oktober \/\/ 1010, Wien<\/strong><\/h6>\n<\/div>\n\n\n\n<p>Wir haben wieder an der wichtigsten j\u00e4hrlichen Veranstaltung der Freiwilligenbranche im sch\u00f6nen Wiener Rathaus teilgenommen. Dieses Jahr waren 140 Organisationen vertreten und \u00fcber das Wochenende hinweg haben 5000 Menschen die Messe besucht. Dani, Jonas und Jan sprachen mit Hunderten von Menschen, die sich f\u00fcr unsere Arbeit interessierten. Einige von ihnen lesen wahrscheinlich gerade diesen Newsletter. \ud83d\ude09<\/p>\n\n\n\n<p>Wie in den vergangenen Jahren war es auch diesmal wieder toll, mit Vertretern anderer Organisationen ins Gespr\u00e4ch zu kommen.<\/p>\n\n\n\n<p>Die FWM ist wirklich ein guter Ort, um Beziehungen zwischen verschiedenen Bereichen der Zivilgesellschaft aufzubauen und zu pflegen.<\/p>\n\n\n\n<hr class=\"wp-block-separator has-alpha-channel-opacity is-style-dots\" style=\"margin-top:var(--wp--preset--spacing--40);margin-bottom:var(--wp--preset--spacing--40)\"\/>\n\n\n\n<h4 class=\"wp-block-heading has-black-color has-text-color has-link-color wp-elements-012945a3a0b682ba71b8af4a15643ffb\" id=\"KF\">Keep Fresh #8 Fermentation workshop<\/h4>\n\n\n\n<h6 class=\"wp-block-heading has-tertiary-color has-text-color has-link-color wp-elements-4134475fcc0274e085839b137cadd1e9\"><strong>Montag, 20. Oktober \/\/<\/strong> <strong>1190, Wien<\/strong><\/h6>\n\n\n\n<p>12 Personen kamen zu unserem s\u00fc\u00df-sauren Abend im T\u00fcwi, um gemeinsam eine gro\u00dfe Menge Karotten einzulegen. Au\u00dferdem haben wir viele gr\u00fcne Paprika mit Melanzani gebacken und in Gl\u00e4ser abgef\u00fcllt &#8211; ein Vorrat, den wir an den kommenden regnerischen Herbsttagen genie\u00dfen werden. Wir hatten viel Spa\u00df und m\u00f6chten uns herzlich bei allen Teilnehmer:innen bedanken! Das Einmachen von Gem\u00fcse ist eine gro\u00dfartige M\u00f6glichkeit, Lebensmittel vor dem Wegwerfen zu bewahren und sie anschlie\u00dfend mit Freund:innen und Familie zu teilen.<\/p>\n\n\n\n<figure class=\"wp-block-gallery has-nested-images columns-default is-cropped wp-block-gallery-1 is-layout-flex wp-block-gallery-is-layout-flex\">\n<figure class=\"wp-block-image size-large\"><img loading=\"lazy\" decoding=\"async\" width=\"771\" height=\"1024\" data-id=\"1948\" src=\"https:\/\/civilaction.net\/wp-content\/uploads\/keepfresh1-771x1024.jpg\" alt=\"\" class=\"wp-image-1948\" srcset=\"https:\/\/civilaction.net\/wp-content\/uploads\/keepfresh1-771x1024.jpg 771w, https:\/\/civilaction.net\/wp-content\/uploads\/keepfresh1-226x300.jpg 226w, https:\/\/civilaction.net\/wp-content\/uploads\/keepfresh1-768x1020.jpg 768w, https:\/\/civilaction.net\/wp-content\/uploads\/keepfresh1-1157x1536.jpg 1157w, https:\/\/civilaction.net\/wp-content\/uploads\/keepfresh1-1542x2048.jpg 1542w, https:\/\/civilaction.net\/wp-content\/uploads\/keepfresh1-9x12.jpg 9w, https:\/\/civilaction.net\/wp-content\/uploads\/keepfresh1-scaled.jpg 1928w\" sizes=\"auto, (max-width: 771px) 100vw, 771px\" \/><\/figure>\n\n\n\n<figure class=\"wp-block-image size-large\"><img loading=\"lazy\" decoding=\"async\" width=\"771\" height=\"1024\" data-id=\"1949\" src=\"https:\/\/civilaction.net\/wp-content\/uploads\/keepfresh2-771x1024.jpg\" alt=\"\" class=\"wp-image-1949\" srcset=\"https:\/\/civilaction.net\/wp-content\/uploads\/keepfresh2-771x1024.jpg 771w, https:\/\/civilaction.net\/wp-content\/uploads\/keepfresh2-226x300.jpg 226w, https:\/\/civilaction.net\/wp-content\/uploads\/keepfresh2-768x1020.jpg 768w, https:\/\/civilaction.net\/wp-content\/uploads\/keepfresh2-1157x1536.jpg 1157w, https:\/\/civilaction.net\/wp-content\/uploads\/keepfresh2-1542x2048.jpg 1542w, https:\/\/civilaction.net\/wp-content\/uploads\/keepfresh2-9x12.jpg 9w, https:\/\/civilaction.net\/wp-content\/uploads\/keepfresh2-scaled.jpg 1928w\" sizes=\"auto, (max-width: 771px) 100vw, 771px\" \/><\/figure>\n<\/figure>\n\n\n\n<hr class=\"wp-block-separator has-alpha-channel-opacity is-style-dots\" style=\"margin-top:var(--wp--preset--spacing--40);margin-bottom:var(--wp--preset--spacing--40)\"\/>","protected":false},"excerpt":{"rendered":"<p>Liebe*r Leser*in! Die Bl\u00e4tter f\u00e4rben sich bunt, die Temperaturen sind gesunken und die K\u00fcrbissaison hat begonnen \u2013 die Natur signalisiert uns, dass wir uns auf den Winter vorbereiten sollten. Das bedeutet jedoch nicht, dass wir alle unsere Aktivit\u00e4ten einstellen. Wir haben einige von euch beim Cross Movement Open Space getroffen und waren letzten Monat auf [&hellip;]<\/p>","protected":false},"author":23,"featured_media":0,"comment_status":"open","ping_status":"open","sticky":false,"template":"","format":"standard","meta":{"_acf_changed":false,"give_campaign_id":0,"footnotes":""},"categories":[131],"tags":[],"topic":[],"class_list":["post-1936","post","type-post","status-publish","format-standard","hentry","category-newsletter-collection"],"acf":[],"_links":{"self":[{"href":"https:\/\/civilaction.net\/de\/wp-json\/wp\/v2\/posts\/1936","targetHints":{"allow":["GET"]}}],"collection":[{"href":"https:\/\/civilaction.net\/de\/wp-json\/wp\/v2\/posts"}],"about":[{"href":"https:\/\/civilaction.net\/de\/wp-json\/wp\/v2\/types\/post"}],"author":[{"embeddable":true,"href":"https:\/\/civilaction.net\/de\/wp-json\/wp\/v2\/users\/23"}],"replies":[{"embeddable":true,"href":"https:\/\/civilaction.net\/de\/wp-json\/wp\/v2\/comments?post=1936"}],"version-history":[{"count":9,"href":"https:\/\/civilaction.net\/de\/wp-json\/wp\/v2\/posts\/1936\/revisions"}],"predecessor-version":[{"id":1966,"href":"https:\/\/civilaction.net\/de\/wp-json\/wp\/v2\/posts\/1936\/revisions\/1966"}],"wp:attachment":[{"href":"https:\/\/civilaction.net\/de\/wp-json\/wp\/v2\/media?parent=1936"}],"wp:term":[{"taxonomy":"category","embeddable":true,"href":"https:\/\/civilaction.net\/de\/wp-json\/wp\/v2\/categories?post=1936"},{"taxonomy":"post_tag","embeddable":true,"href":"https:\/\/civilaction.net\/de\/wp-json\/wp\/v2\/tags?post=1936"},{"taxonomy":"topic","embeddable":true,"href":"https:\/\/civilaction.net\/de\/wp-json\/wp\/v2\/topic?post=1936"}],"curies":[{"name":"wp","href":"https:\/\/api.w.org\/{rel}","templated":true}]}}