{"id":1865,"date":"2025-10-02T21:32:20","date_gmt":"2025-10-02T20:32:20","guid":{"rendered":"https:\/\/civilaction.net\/?p=1865"},"modified":"2025-10-03T07:39:24","modified_gmt":"2025-10-03T06:39:24","slug":"newsletter-oktober-2025","status":"publish","type":"post","link":"https:\/\/civilaction.net\/de\/2025\/10\/newsletter-oktober-2025\/","title":{"rendered":"Oktober 2025 Newsletter"},"content":{"rendered":"<p>Liebe*r Leser*in!<\/p>\n\n\n\n<p>Der Sommer ist vorbei, und nun treten wir langsam in die Herbstzeit ein, die f\u00fcr uns eine arbeitsreiche Zeit ist, in der wir vergangene Projekte abschlie\u00dfen und F\u00f6rderantr\u00e4ge schreiben. Also sitzen wir, in Decken geh\u00fcllt, intensiv an unseren Computern und arbeiten. <\/p>\n\n\n\n<p>Aber im Oktober gibt es auch einige Gelegenheiten, uns pers\u00f6nlich zu treffen und sich aktiv an der Organisation der Veranstaltungen zu beteiligen. Wie immer kannst du uns beim Stammtisch (09.10.) treffen.&nbsp; <\/p>\n\n\n\n<p>Besuche den <a href=\"https:\/\/civilaction.net\/de\/open-space-de\/\" data-type=\"link\" data-id=\"www.civilaction.net\/open-space-de\" target=\"_blank\" rel=\"noreferrer noopener\">Cross Movement Open Space<\/a> (25.-26.10.), um \u00fcber demokratische Dialogkultur zu diskutieren, oder engagiere dich als Helping Hands w\u00e4hrend der Veranstaltung, wenn du etwas Action suchst. Das Gleiche gilt f\u00fcr die Freiwilligenmesse (18.-19.10.). Entspannen kannst du dich auch beim&nbsp; Einlege-Workshop mit Sonia.&nbsp; Wir freuen uns darauf, dich zu sehen!<\/p>\n\n\n\n<p>Jan<\/p>\n\n\n\n<p><\/p>\n\n\n\n<h6 class=\"wp-block-heading\">Dieser Newsletter:<\/h6>\n\n\n\n<p><strong>Kommende Veranstaltungen: <\/strong><\/p>\n\n\n\n<ul class=\"wp-block-list\">\n<li><a href=\"#stammtisch\">October Stammtisch<\/a><\/li>\n\n\n\n<li><a href=\"#cmos\">Cross Movement Open Space #6 October 2025<\/a><\/li>\n\n\n\n<li><a href=\"#gathering\">CAN Gathering Autumn 2025<\/a><\/li>\n\n\n\n<li><a href=\"#FWM\">Freiwilligenmesse<\/a><\/li>\n\n\n\n<li><a href=\"#integralead\">Register for: Integralead Practitioners Gathering<\/a><\/li>\n\n\n\n<li><a href=\"#KF\">Keep Fresh #8 Einlege-Workshop<\/a><\/li>\n<\/ul>\n\n\n\n<p><\/p>\n\n\n\n<h4 class=\"wp-block-heading has-text-align-center has-tertiary-background-color has-background has-x-large-font-size\" style=\"margin-top:0;margin-right:0;margin-bottom:0;margin-left:0\"><strong>Kommende Veranstaltungen<\/strong><\/h4>\n\n\n\n<div class=\"wp-block-group is-layout-constrained wp-block-group-is-layout-constrained\">\n<h4 class=\"wp-block-heading has-black-color has-text-color has-link-color wp-elements-baf90223bb79fa5563b23346e7954634\" id=\"stammtisch\">Stammtisch im Oktober<\/h4>\n\n\n\n<h6 class=\"wp-block-heading has-tertiary-color has-text-color has-link-color wp-elements-e28ac35e4302184193b58d71eec0431c\">Donnerstag, 09. Oktober \/\/ 19:00 &#8211; 21:30<br>Cafe Weidinger, Lerchenfelder G\u00fcrtel 1, 1160 \/\/ Sprachen : Englisch, Deutsch und Polnisch<\/h6>\n<\/div>\n\n\n\n<p>Komm zu unserem Stammtisch, unserem monatlichen Treffen, bei dem wir uns \u00fcber das aktuelle Geschehen bei CAN und in unserem Umfeld austauschen. Der Stammtisch ist ein entspannter Rahmen, um Menschen kennenlernen zu k\u00f6nnen, die sich in der Community engagieren, um sich \u00fcber laufende Projekte zu informieren und um neue M\u00f6glichkeiten zu entdecken, zum sich einbringen. Egal, ob du dich grunds\u00e4tzlich f\u00fcr den Verein interessierst, Gleichgesinnte suchst oder M\u00f6glichkeiten f\u00fcr ein aktiveres Engagement erkunden m\u00f6chtest \u2013 der Stammtisch ist der perfekte Ausgangspunkt. Au\u00dferdem ist es ein sch\u00f6ner und ungezwungener Ort, um gemeinsam Zeit zu verbringen.<\/p>\n\n\n\n<p>F\u00fcr weitere Informationen und zur Anmeldung klicke bitte auf das Bild unten!<\/p>\n\n\n\n<div class=\"wp-block-group is-layout-constrained wp-block-group-is-layout-constrained\">\n<figure class=\"wp-block-image size-large\"><a href=\"https:\/\/civilaction.net\/de\/event\/can-stammtisch-october-2025\/\" target=\"_blank\" rel=\" noreferrer noopener\"><img loading=\"lazy\" decoding=\"async\" width=\"1024\" height=\"576\" src=\"https:\/\/civilaction.net\/wp-content\/uploads\/06dc6ee5-a03e-42e8-8ffb-bd099a490093-1-1024x576.png\" alt=\"\" class=\"wp-image-1872\" srcset=\"https:\/\/civilaction.net\/wp-content\/uploads\/06dc6ee5-a03e-42e8-8ffb-bd099a490093-1-1024x576.png 1024w, https:\/\/civilaction.net\/wp-content\/uploads\/06dc6ee5-a03e-42e8-8ffb-bd099a490093-1-300x169.png 300w, https:\/\/civilaction.net\/wp-content\/uploads\/06dc6ee5-a03e-42e8-8ffb-bd099a490093-1-768x432.png 768w, https:\/\/civilaction.net\/wp-content\/uploads\/06dc6ee5-a03e-42e8-8ffb-bd099a490093-1-1536x864.png 1536w, https:\/\/civilaction.net\/wp-content\/uploads\/06dc6ee5-a03e-42e8-8ffb-bd099a490093-1-18x10.png 18w, https:\/\/civilaction.net\/wp-content\/uploads\/06dc6ee5-a03e-42e8-8ffb-bd099a490093-1.png 1920w\" sizes=\"auto, (max-width: 1024px) 100vw, 1024px\" \/><\/a><\/figure>\n\n\n\n<hr class=\"wp-block-separator has-alpha-channel-opacity is-style-dots\" style=\"margin-top:var(--wp--preset--spacing--40);margin-bottom:var(--wp--preset--spacing--40)\"\/>\n<\/div>\n\n\n\n<div class=\"wp-block-group is-layout-constrained wp-block-group-is-layout-constrained\">\n<h4 class=\"wp-block-heading has-black-color has-text-color has-link-color wp-elements-dabfd38344295a29910d7cbffbfe4fc4\" id=\"cmos\">Save the date: 6. Cross-Movement Open Space<\/h4>\n\n\n\n<h6 class=\"wp-block-heading has-tertiary-color has-text-color has-link-color wp-elements-4e26fbbdc61c790e9e14574db4f4c2f2\">Samstag + Sonntag, 25. + 26. Oktober<br>die HausWirtschaft, 1020 Wien \/\/ \/\/ Sprachen: Englisch, Deutsch<\/h6>\n\n\n\n<p>Jetzt sind es noch 3 Wochen bis zum 6. CMOS. Dieses Mal mit folgendem Thema:<br><strong>Demokratische Gespr\u00e4chskultur<br>Verurteilung, Respekt, Offenheit: Was brauchen wir (nicht)?<\/strong><\/p>\n\n\n\n<p>Ist diese Frage interessant f\u00fcr Dich?<br>M\u00f6chtest Du Dich mit anderen Menschen, die in verschiedenen sozialen Bewegungen aktiv sind, dazu austauschen?<br><br>Dann sei gerne mit dabei!<\/p>\n\n\n\n<div class=\"wp-block-buttons is-content-justification-center is-layout-flex wp-container-core-buttons-is-layout-a89b3969 wp-block-buttons-is-layout-flex\">\n<div class=\"wp-block-button\"><a class=\"wp-block-button__link has-white-color has-text-color has-link-color wp-element-button\" href=\"https:\/\/civilaction.net\/de\/open-space-de\/\">Zur Anmeldung<\/a><\/div>\n<\/div>\n\n\n\n<p>Um uns die Planung zu erleichtern, melde dich jetzt direkt an.<\/p>\n\n\n\n<p>Sag es gerne auch weiter oder schlie\u00dfe Dich vielleicht sogar den Helping Hands an, um die Veranstaltung f\u00fcr alle noch besser zu machen!<\/p>\n\n\n\n<figure class=\"wp-block-image aligncenter size-full\"><a href=\"https:\/\/civilaction.net\/de\/event\/6-cross-movement-open-space\/\"><img decoding=\"async\" src=\"https:\/\/civilaction.net\/wp-content\/uploads\/402b390a-cd45-4da1-9512-e535c19962c8.jpeg\" alt=\"\" class=\"wp-image-1797\"\/><\/a><\/figure>\n\n\n\n<hr class=\"wp-block-separator has-alpha-channel-opacity is-style-dots\" style=\"margin-top:var(--wp--preset--spacing--40);margin-bottom:var(--wp--preset--spacing--40)\"\/>\n\n\n\n<h4 class=\"wp-block-heading has-black-color has-text-color has-link-color wp-elements-cee42e992a2447da3b73b486bdeec083\" id=\"gathering\"><strong>CAN Gathering Herbst 2025<\/strong><\/h4>\n\n\n\n<h6 class=\"wp-block-heading has-tertiary-color has-text-color has-link-color wp-elements-d1dbdee9a3c9c649292ce461ef5e1713\">Donnerstag, 6. November \u2013 Sonntag, 9. November<br>M\u00fchle Nikitsch, Berggasse 26, 7302 Nikitsch \/\/ Sprache: Englisch, Deutsch<\/h6>\n\n\n\n<p>Willst du die Beziehung zu den Leuten, die bei CAN aktiv sind, verst\u00e4rken?<\/p>\n\n\n\n<p>Hast du Ideen oder willst du bei einem unserer bestehenden Projekte mitmachen?<br><\/p>\n\n\n\n<div class=\"wp-block-buttons is-content-justification-center is-layout-flex wp-container-core-buttons-is-layout-a89b3969 wp-block-buttons-is-layout-flex\">\n<div class=\"wp-block-button\"><a class=\"wp-block-button__link has-white-color has-text-color has-link-color wp-element-button\" href=\"https:\/\/civilaction.net\/de\/event\/can-gathering-autumn-2025\/\">Nimm an Gathering teil!<\/a><\/div>\n<\/div>\n\n\n\n<p>Dann melde dich f\u00fcr das n\u00e4chste Gathering an, das diesmal in der wundersch\u00f6nen M\u00fchle Nikitsch stattfinden wird. Diese liegt mit \u00f6ffentlichen Verkehrsmitteln nur 1,5 Stunden von Wien entfernt.<\/p>\n\n\n\n<figure class=\"wp-block-image size-full\"><a href=\"https:\/\/civilaction.net\/de\/event\/can-gathering-autumn-2025\/\" target=\"_blank\" rel=\" noreferrer noopener\"><img decoding=\"async\" src=\"https:\/\/civilaction.net\/wp-content\/uploads\/89879742-6149-4505-9d86-98acf276d43d.png\" alt=\"\" class=\"wp-image-1651\"\/><\/a><\/figure>\n\n\n\n<hr class=\"wp-block-separator has-alpha-channel-opacity is-style-dots\" style=\"margin-top:var(--wp--preset--spacing--40);margin-bottom:var(--wp--preset--spacing--40)\"\/>\n\n\n\n<h4 class=\"wp-block-heading has-black-color has-text-color has-link-color wp-elements-6311d4b2ff69e4bacdd7a85184a4b678\" id=\"cantogether\"><strong><strong>Freiwilligenmesse<\/strong><\/strong><\/h4>\n\n\n\n<h6 class=\"wp-block-heading has-tertiary-color has-text-color has-link-color wp-elements-c7144f63228e2ec627d10e8323296b10\">Samstag + Sonntag, 18. + 19. Oktober \/\/ 10.00-17.00 Uhr<br>Rathaus, Lichtenfelsgasse 2, 1010 Wien<\/h6>\n\n\n\n<p>Wir sind wieder bei der<strong>\u00a0Freiwilligenmesse<\/strong> dabei. Wir werden dort \u00fcber unsere Arbeit erz\u00e4hlen und uns mit anderen Organisationen aus verschiedenen Bereichen der Zivilgesellschaft austauschen. Jonas und Jan werden uns vertreten. Sie w\u00fcrden sich aber sehr freuen, wenn Du vorbeikommst und mit ihnen ins Gespr\u00e4ch kommst. <\/p>\n\n\n\n<p><strong>Du kannst auch als Freiwilliger am Stand mithelfen,<\/strong> das w\u00fcrde ihnen das Wochenende sehr versch\u00f6nern.<\/p>\n\n\n\n<p>Schick uns dazu einfach eine E-Mail an team@civilaction.net.<\/p>\n\n\n\n<hr class=\"wp-block-separator has-alpha-channel-opacity is-style-dots\" style=\"margin-top:var(--wp--preset--spacing--40);margin-bottom:var(--wp--preset--spacing--40)\"\/>\n\n\n\n<h4 class=\"wp-block-heading has-black-color has-text-color has-link-color wp-elements-aeebf104adb7a46c20c0902049b8eafb\" id=\"cantogether\"><strong><strong>Keep Fresh #8 <\/strong>Einlege-<strong>Workshop<\/strong><\/strong><\/h4>\n\n\n\n<h6 class=\"wp-block-heading has-tertiary-color has-text-color has-link-color wp-elements-0380df313c2c5bd4566de59ba3b98eca\">Montag, 20. Oktober \/\/ 17:00 &#8211; 20:00<br>T\u00fcwi, D\u00e4nenstrasse 4\/2,1190 \/\/ Sprachen : Englisch, Deutsch und Polnisch<\/h6>\n\n\n\n<p>Wir verarbeiten und konservieren \u00fcbrig gebliebenes Gem\u00fcse von einem lokalen Biobauern aus dem 22. Wiener Gemeindebezirk. S\u00fc\u00df-sauer, lecker und lange haltbar. W\u00e4hrend dem Workshop lernst du etwas \u00fcber das Einlegen und\/oder Fermentieren. Wir konservieren Gem\u00fcse, das sonst vielleicht im M\u00fcll landen w\u00fcrde, experimentieren, plaudern und tauschen uns aus.<\/p>\n\n\n\n<p>Komm vorbei, bring deine eigenen (Einmach-)Gl\u00e4ser mit, f\u00fclle sie mit eingelegtem Gem\u00fcse, nimm sie mit nach Hause und lerne neue Leute und Konservierungstechniken kennen.&nbsp;<\/p>\n\n\n\n<p>Alle Workshops werden angeleitet, sind kostenlos und laden Menschen mit allerlei Hintergr\u00fcnden zur Teilnahme ein, ganz unabh\u00e4ngig von Vorkenntnissen \u00fcber Konservierung oder Ressourcen.<\/p>\n\n\n\n<p>F\u00fcr weitere Informationen und zur Anmeldung klicke auf das Bild unten!<\/p>\n\n\n\n<figure class=\"wp-block-image aligncenter size-full\"><a href=\"https:\/\/civilaction.net\/de\/event\/keep-fresh-8-preservation-workshop\/\" target=\"_blank\" rel=\" noreferrer noopener\"><img decoding=\"async\" src=\"https:\/\/civilaction.net\/wp-content\/uploads\/e1b7bd92-ba85-44a1-a9d2-d097572d0932.jpeg\" alt=\"\" class=\"wp-image-1852\"\/><\/a><\/figure>\n\n\n\n<hr class=\"wp-block-separator has-alpha-channel-opacity is-style-dots\" style=\"margin-top:var(--wp--preset--spacing--40);margin-bottom:var(--wp--preset--spacing--40)\"\/>\n\n\n\n<h4 class=\"wp-block-heading has-black-color has-text-color has-link-color wp-elements-01d29076688c68032d119d275698e03c\" id=\"integralead\"><strong><strong>Integralead Practitioners Gathering<\/strong><\/strong><\/h4>\n\n\n\n<h6 class=\"wp-block-heading has-tertiary-color has-text-color has-link-color wp-elements-76a94df1205e1d5eba942568988ff574\"><strong>Mittwoch, 12. \u2013 Sonntag, 16. November<\/strong><br><strong>Wiener Umland\u00a0 \/\/<\/strong> Sprache: Englisch<\/h6>\n\n\n\n<p>Schlie\u00dfe dich Jonas und Jan bei einem Treffen an f\u00fcr Menschen, die (Mit-)Verantwortung f\u00fcr eine zivilgesellschaftliche Initiative \u00fcbernehmen!<\/p>\n\n\n\n<p>Als H\u00f6hepunkt des Integralead-Projekts organisieren wir ein f\u00fcnft\u00e4giges, gemeinsam gestaltetes Treffen. Dies soll ein Rahmen sein, indem wir gemeinsam lernen und uns \u00fcber verschiedene Aspekte von Leitung in einer Gruppe, Initiative oder Organisation austauschen k\u00f6nnen.<\/p>\n\n\n\n<p>Kn\u00fcpfe Kontakte zu Menschen mit unterschiedlichen Hintergr\u00fcnden und Erfahrungen!<\/p>\n\n\n\n<p>Lerne gemeinsam mit erfahrenen Praktiker*innen aus anderen L\u00e4ndern!<\/p>\n\n\n\n<div class=\"wp-block-buttons is-content-justification-center is-layout-flex wp-container-core-buttons-is-layout-a89b3969 wp-block-buttons-is-layout-flex\">\n<div class=\"wp-block-button\"><a class=\"wp-block-button__link has-base-color has-luminous-vivid-amber-background-color has-text-color has-background has-link-color wp-element-button\" href=\"https:\/\/civilaction.net\/de\/event\/integralead-practitioners-gathering\/\">Jetzt registrieren!<\/a><\/div>\n<\/div>\n\n\n\n<p>Melde dich auf unserer Website an.<\/p>\n\n\n\n<figure class=\"wp-block-image aligncenter size-large\"><a href=\"https:\/\/civilaction.net\/de\/event\/integralead-practitioners-gathering\/\" target=\"_blank\" rel=\" noreferrer noopener\"><img loading=\"lazy\" decoding=\"async\" width=\"1024\" height=\"576\" src=\"https:\/\/civilaction.net\/wp-content\/uploads\/INTEGRALEAD-BANNER_Practitiones-Gathering-1024x576.png\" alt=\"\" class=\"wp-image-1859\" srcset=\"https:\/\/civilaction.net\/wp-content\/uploads\/INTEGRALEAD-BANNER_Practitiones-Gathering-1024x576.png 1024w, https:\/\/civilaction.net\/wp-content\/uploads\/INTEGRALEAD-BANNER_Practitiones-Gathering-300x169.png 300w, https:\/\/civilaction.net\/wp-content\/uploads\/INTEGRALEAD-BANNER_Practitiones-Gathering-768x432.png 768w, https:\/\/civilaction.net\/wp-content\/uploads\/INTEGRALEAD-BANNER_Practitiones-Gathering-1536x864.png 1536w, https:\/\/civilaction.net\/wp-content\/uploads\/INTEGRALEAD-BANNER_Practitiones-Gathering-18x10.png 18w, https:\/\/civilaction.net\/wp-content\/uploads\/INTEGRALEAD-BANNER_Practitiones-Gathering.png 1920w\" sizes=\"auto, (max-width: 1024px) 100vw, 1024px\" \/><\/a><\/figure>\n\n\n\n<hr class=\"wp-block-separator has-alpha-channel-opacity is-style-dots\" style=\"margin-top:var(--wp--preset--spacing--40);margin-bottom:var(--wp--preset--spacing--40)\"\/>\n<\/div>\n\n\n\n<p><\/p>","protected":false},"excerpt":{"rendered":"<p>Liebe*r Leser*in! Der Sommer ist vorbei, und nun treten wir langsam in die Herbstzeit ein, die f\u00fcr uns eine arbeitsreiche Zeit ist, in der wir vergangene Projekte abschlie\u00dfen und F\u00f6rderantr\u00e4ge schreiben. Also sitzen wir, in Decken geh\u00fcllt, intensiv an unseren Computern und arbeiten. Aber im Oktober gibt es auch einige Gelegenheiten, uns pers\u00f6nlich zu treffen [&hellip;]<\/p>","protected":false},"author":7,"featured_media":0,"comment_status":"open","ping_status":"open","sticky":false,"template":"","format":"standard","meta":{"_acf_changed":false,"give_campaign_id":0,"footnotes":""},"categories":[131],"tags":[],"topic":[],"class_list":["post-1865","post","type-post","status-publish","format-standard","hentry","category-newsletter-collection"],"acf":[],"_links":{"self":[{"href":"https:\/\/civilaction.net\/de\/wp-json\/wp\/v2\/posts\/1865","targetHints":{"allow":["GET"]}}],"collection":[{"href":"https:\/\/civilaction.net\/de\/wp-json\/wp\/v2\/posts"}],"about":[{"href":"https:\/\/civilaction.net\/de\/wp-json\/wp\/v2\/types\/post"}],"author":[{"embeddable":true,"href":"https:\/\/civilaction.net\/de\/wp-json\/wp\/v2\/users\/7"}],"replies":[{"embeddable":true,"href":"https:\/\/civilaction.net\/de\/wp-json\/wp\/v2\/comments?post=1865"}],"version-history":[{"count":8,"href":"https:\/\/civilaction.net\/de\/wp-json\/wp\/v2\/posts\/1865\/revisions"}],"predecessor-version":[{"id":1880,"href":"https:\/\/civilaction.net\/de\/wp-json\/wp\/v2\/posts\/1865\/revisions\/1880"}],"wp:attachment":[{"href":"https:\/\/civilaction.net\/de\/wp-json\/wp\/v2\/media?parent=1865"}],"wp:term":[{"taxonomy":"category","embeddable":true,"href":"https:\/\/civilaction.net\/de\/wp-json\/wp\/v2\/categories?post=1865"},{"taxonomy":"post_tag","embeddable":true,"href":"https:\/\/civilaction.net\/de\/wp-json\/wp\/v2\/tags?post=1865"},{"taxonomy":"topic","embeddable":true,"href":"https:\/\/civilaction.net\/de\/wp-json\/wp\/v2\/topic?post=1865"}],"curies":[{"name":"wp","href":"https:\/\/api.w.org\/{rel}","templated":true}]}}