{"id":1841,"date":"2025-09-05T14:23:13","date_gmt":"2025-09-05T13:23:13","guid":{"rendered":"https:\/\/civilaction.net\/?p=1841"},"modified":"2025-09-05T14:23:14","modified_gmt":"2025-09-05T13:23:14","slug":"newsletter-august-2025-2","status":"publish","type":"post","link":"https:\/\/civilaction.net\/de\/2025\/09\/newsletter-august-2025-2\/","title":{"rendered":"September 2025, Newsletter"},"content":{"rendered":"<p>Liebe*r Leser*in!<\/p>\n\n\n\n<p>CAN ist zur\u00fcck nach zwei (gut gebrauchten und wohlverdienten) Wochen Pause und Erholung im letzten Monat. Ich hoffe, Du hattest auch Gelegenheit, etwas durchzuatmen. Vielleicht ist Dir aufgefallen, dass dieser Newsletter etwas versp\u00e4tet erscheint,&nbsp; nennen wir es einfach ein Opfer der Sommerflaute. Im August schalten sogar E-Mails einen Gang runter!<\/p>\n\n\n\n<p>Jetzt, da der September da ist, geht es in der CAN-Welt wieder rund. Wir haben eine gro\u00dfartige Auswahl an Treffen und Fortbildungen f\u00fcr diesen Herbst im Programm, von unserem monatlichen Stammtisch und dem CANtogether im September bis hin zu einem intensiven Leadership-Training in Polen und zwei spannenden Terminen f\u00fcr Oktober.<\/p>\n\n\n\n<p>Ich hoffe, wir sehen uns bei einem (oder mehreren!) davon.<\/p>\n\n\n\n<p>Bis dahin: Viel Spa\u00df beim Lesen und willkommen zur\u00fcck!<\/p>\n\n\n\n<p>Lilo<\/p>\n\n\n\n<p><\/p>\n\n\n\n<h6 class=\"wp-block-heading\">Dieser Newsletter:<\/h6>\n\n\n\n<p><strong>Kommende Veranstaltungen: <\/strong><\/p>\n\n\n\n<ul class=\"wp-block-list\">\n<li><a href=\"#stammtisch\" data-type=\"internal\" data-id=\"#together\">September Stammtisch<\/a><\/li>\n\n\n\n<li><a href=\"#cantogether\">CANtogether September<\/a><\/li>\n\n\n\n<li><a href=\"#integralead\">Nur noch wenige Pl\u00e4tze frei: Integralead Immersion Weekend II<\/a><\/li>\n\n\n\n<li><a href=\"#cmos\">Save the Date: 6. Cross Movement Open Space #6, Oktober 2025<\/a><\/li>\n\n\n\n<li><a href=\"#gathering\">Save the Date: CAN Gathering Herbst 2025<\/a><\/li>\n<\/ul>\n\n\n\n<p><\/p>\n\n\n\n<h4 class=\"wp-block-heading has-text-align-right has-tertiary-background-color has-background has-x-large-font-size\" style=\"margin-top:0;margin-right:0;margin-bottom:0;margin-left:0\"><strong>Kommende Veranstaltungen<\/strong><\/h4>\n\n\n\n<div class=\"wp-block-group is-layout-constrained wp-block-group-is-layout-constrained\">\n<h4 class=\"wp-block-heading has-black-color has-text-color has-link-color wp-elements-0eaa6db26255f1ff7e3d8e114dd17cc5\" id=\"stammtisch\">Stammtisch im September<\/h4>\n\n\n\n<h6 class=\"wp-block-heading has-tertiary-color has-text-color has-link-color wp-elements-ebe258ec7f473119c3e5268b1a14a822\">Donnerstag, 11. September \/\/ 19:00 &#8211; 21:30<br>Cafe Weidinger, Lerchenfelder G\u00fcrtel 1, 1160 \/\/ Sprachen : Englisch, Deutsch und Polnisch<\/h6>\n\n\n\n<p>Komm zu unserem Stammtisch, unserem monatlichen Treffen, bei dem wir uns \u00fcber das aktuelle Geschehen bei CAN und in unserem Umfeld austauschen. Der Stammtisch ist ein entspannter Rahmen, um Menschen kennenlernen zu k\u00f6nnen, die sich in der Community engagieren, sich \u00fcber laufende Projekte zu informieren und neue M\u00f6glichkeiten entdecken k\u00f6nnen, sich einzubringen. Egal, ob du dich f\u00fcr den Verein interessierst, Gleichgesinnte suchst oder M\u00f6glichkeiten f\u00fcr ein aktiveres Engagement erkunden m\u00f6chtest \u2013 der Stammtisch ist der perfekte Ausgangspunkt. Au\u00dferdem ist es ein sch\u00f6ner und ungezwungener Ort, um gemeinsam Zeit zu verbringen.<\/p>\n\n\n\n<p>F\u00fcr weitere Informationen und zur Anmeldung klicke bitte auf das Bild unten!<\/p>\n\n\n\n<figure class=\"wp-block-image size-large\"><a href=\"https:\/\/civilaction.net\/de\/event\/can-stammtisch-september-2025\/\" target=\"_blank\" rel=\" noreferrer noopener\"><img loading=\"lazy\" decoding=\"async\" width=\"1024\" height=\"579\" src=\"https:\/\/civilaction.net\/wp-content\/uploads\/stammtisch-september2025-1024x579.png\" alt=\"\" class=\"wp-image-1842\" srcset=\"https:\/\/civilaction.net\/wp-content\/uploads\/stammtisch-september2025-1024x579.png 1024w, https:\/\/civilaction.net\/wp-content\/uploads\/stammtisch-september2025-300x170.png 300w, https:\/\/civilaction.net\/wp-content\/uploads\/stammtisch-september2025-768x434.png 768w, https:\/\/civilaction.net\/wp-content\/uploads\/stammtisch-september2025-18x10.png 18w, https:\/\/civilaction.net\/wp-content\/uploads\/stammtisch-september2025.png 1116w\" sizes=\"auto, (max-width: 1024px) 100vw, 1024px\" \/><\/a><\/figure>\n\n\n\n<hr class=\"wp-block-separator has-alpha-channel-opacity is-style-dots\" style=\"margin-top:var(--wp--preset--spacing--40);margin-bottom:var(--wp--preset--spacing--40)\"\/>\n<\/div>\n\n\n\n<div class=\"wp-block-group is-layout-constrained wp-block-group-is-layout-constrained\">\n<h4 class=\"wp-block-heading has-black-color has-text-color has-link-color wp-elements-7ecdc43c60685e17acc9159d10096bc9\" id=\"cantogether\"><strong>CANtogether September 2025<\/strong><\/h4>\n\n\n\n<h6 class=\"wp-block-heading has-tertiary-color has-text-color has-link-color wp-elements-e2257a43b1f963084255337a6edc23f0\">Samstag, 20. September \/\/ ab 16:00 Uhr<br>Wien, Ort wird noch bekannt gegeben \/\/ Sprache: Englisch, Deutsch und Polnisch<\/h6>\n\n\n\n<p>Wie alle drei Monate freuen wir uns, einen Raum f\u00fcr den Austausch zwischen Mitgliedern der breiteren CAN-Community und allen, die sich f\u00fcr unsere Arbeit interessieren, zu schaffen. Dieses Mal bieten wir einen Workshop zum Thema Konflikte und Spannungen im Kontext von Gruppen an, die sich f\u00fcr sozialen Wandel einsetzen. Wir hoffen, damit einen Raum f\u00fcr den Austausch von Erfahrungen und Perspektiven zu schaffen. Gerne informieren wir euch auch kurz \u00fcber neue Entwicklungen und bevorstehende Pl\u00e4ne von CAN. Den Abend lassen wir bei einem gemeinsamen Abendessen in entspannter Atmosph\u00e4re ausklingen.<\/p>\n\n\n\n<p>Klickt auf das Bild unten, um euch anzumelden und weitere Informationen zu erhalten. Bringt gerne auch Freunde mit!<\/p>\n\n\n\n<figure class=\"wp-block-image aligncenter size-large\"><a href=\"https:\/\/civilaction.net\/de\/event\/cantogether-september-2025\/\" target=\"_blank\" rel=\" noreferrer noopener\"><img loading=\"lazy\" decoding=\"async\" width=\"1024\" height=\"576\" src=\"https:\/\/civilaction.net\/wp-content\/uploads\/1.03.25-website-1-1-1024x576.jpg\" alt=\"\" class=\"wp-image-1816\" srcset=\"https:\/\/civilaction.net\/wp-content\/uploads\/1.03.25-website-1-1-1024x576.jpg 1024w, https:\/\/civilaction.net\/wp-content\/uploads\/1.03.25-website-1-1-300x169.jpg 300w, https:\/\/civilaction.net\/wp-content\/uploads\/1.03.25-website-1-1-768x432.jpg 768w, https:\/\/civilaction.net\/wp-content\/uploads\/1.03.25-website-1-1-1536x864.jpg 1536w, https:\/\/civilaction.net\/wp-content\/uploads\/1.03.25-website-1-1-18x10.jpg 18w, https:\/\/civilaction.net\/wp-content\/uploads\/1.03.25-website-1-1.jpg 1920w\" sizes=\"auto, (max-width: 1024px) 100vw, 1024px\" \/><\/a><\/figure>\n\n\n\n<hr class=\"wp-block-separator has-alpha-channel-opacity is-style-dots\" style=\"margin-top:var(--wp--preset--spacing--40);margin-bottom:var(--wp--preset--spacing--40)\"\/>\n\n\n\n<h4 class=\"wp-block-heading has-black-color has-text-color has-link-color wp-elements-dc5afc20109b7bccd2bf24e49d016ef9\" id=\"integralead\"><strong>Nur noch wenige Pl\u00e4tze frei: Integralead Immersion Weekend II<\/strong><\/h4>\n\n\n\n<h6 class=\"wp-block-heading has-tertiary-color has-text-color has-link-color wp-elements-07463d61fc3a8d2c20220920b1ec0f90\">Freitag, 26. September \u2013 Sonntag, 28. September<br>Ort: G\u00f3ra \u015awi\u0119tej Anny, S\u00fcdpolen \/\/ Sprache: Englisch<\/h6>\n\n\n\n<p>Wenn Du Verantwortung in einer Initiative f\u00fcr sozialen Wandel \u00fcbernimmst, laden wir dich herzlich ein, am 2. Integralead Immersion Weekend teilzunehmen! W\u00e4hrend dieses dreit\u00e4gigen Trainings werden wir uns intensiv mit den F\u00e4higkeiten befassen, die f\u00fcr effektive gemeinsame Leitung erforderlich sind. Du hast die M\u00f6glichkeit, mit und von Gleichgesinnten und unseren Trainern zu lernen, deine eigenen Erfahrungen einzubringen und langfristige Beziehungen zu Menschen zu kn\u00fcpfen, die in verschiedenen Bereichen der \u00f6sterreichischen und polnischen Zivilgesellschaft aktiv sind. Das Projekt wird von der EU kofinanziert, sodass wir dieses Training zu einem erschwinglichen Preis anbieten k\u00f6nnen.<\/p>\n\n\n\n<p>F\u00fcr weitere Informationen und zur Anmeldung klicken auf das Bild unten!<\/p>\n\n\n\n<figure class=\"wp-block-image aligncenter size-full\"><a href=\"https:\/\/civilaction.net\/de\/event\/integralead-immersion-weekend\/\" target=\"_blank\" rel=\" noreferrer noopener\"><img loading=\"lazy\" decoding=\"async\" width=\"1000\" height=\"562\" src=\"https:\/\/civilaction.net\/wp-content\/uploads\/Immersion-Weekend-2-Banner-1.png\" alt=\"\" class=\"wp-image-1817\" srcset=\"https:\/\/civilaction.net\/wp-content\/uploads\/Immersion-Weekend-2-Banner-1.png 1000w, https:\/\/civilaction.net\/wp-content\/uploads\/Immersion-Weekend-2-Banner-1-300x169.png 300w, https:\/\/civilaction.net\/wp-content\/uploads\/Immersion-Weekend-2-Banner-1-768x432.png 768w, https:\/\/civilaction.net\/wp-content\/uploads\/Immersion-Weekend-2-Banner-1-18x10.png 18w\" sizes=\"auto, (max-width: 1000px) 100vw, 1000px\" \/><\/a><\/figure>\n\n\n\n<hr class=\"wp-block-separator has-alpha-channel-opacity is-style-dots\" style=\"margin-top:var(--wp--preset--spacing--40);margin-bottom:var(--wp--preset--spacing--40)\"\/>\n\n\n\n<h4 class=\"wp-block-heading has-black-color has-text-color has-link-color wp-elements-dabfd38344295a29910d7cbffbfe4fc4\" id=\"cmos\">Save the date: 6. Cross-Movement Open Space<\/h4>\n\n\n\n<h6 class=\"wp-block-heading has-tertiary-color has-text-color has-link-color wp-elements-4e26fbbdc61c790e9e14574db4f4c2f2\">Samstag + Sonntag, 25. + 26. Oktober<br>die HausWirtschaft, 1020 Wien \/\/ \/\/ Sprachen: Englisch, Deutsch<\/h6>\n\n\n\n<p>Die Vorbereitungen f\u00fcr das 6. CMOS laufen auf Hochtouren! Diesmal dreht es sich um die Frage: \u201c<strong>Demokratische Gespr\u00e4chskultur Verurteilung, Respekt, Offenheit? Was brauchen wir (nicht)?<\/strong>\u201d.<br>Wir laden erneut aktive Menschen aus verschiedenen sozialen Bewegungen zu zwei Tagen des Lernens und der Vernetzung ein. Nimm am Wochenende (oder einem Teil davon) teil, um andere Vertreter von Gruppen und Initiativen zu treffen. Tausche Ressourcen aus, kn\u00fcpf neue Kontakte oder triff Teilnehmende wieder, die du bereits aus fr\u00fcheren Ausgaben des CMOS kennst. Es besteht auch die M\u00f6glichkeit, das Organisationsteam vor, w\u00e4hrend und\/oder nach der Veranstaltung als Helping Hand zu unterst\u00fctzen.&nbsp;&nbsp;<\/p>\n\n\n\n<p>Besuch die Website, indem du auf das Bild unten klickst, um mehr \u00fcber die Veranstaltung zu erfahren, und melde dich \u00fcber das Formular an, um teilzunehmen.<\/p>\n\n\n\n<figure class=\"wp-block-image aligncenter size-full\"><a href=\"https:\/\/civilaction.net\/de\/event\/6-cross-movement-open-space\/\"><img decoding=\"async\" src=\"https:\/\/civilaction.net\/wp-content\/uploads\/402b390a-cd45-4da1-9512-e535c19962c8.jpeg\" alt=\"\" class=\"wp-image-1797\"\/><\/a><\/figure>\n\n\n\n<hr class=\"wp-block-separator has-alpha-channel-opacity is-style-dots\" style=\"margin-top:var(--wp--preset--spacing--40);margin-bottom:var(--wp--preset--spacing--40)\"\/>\n\n\n\n<h4 class=\"wp-block-heading has-black-color has-text-color has-link-color wp-elements-cee42e992a2447da3b73b486bdeec083\" id=\"gathering\"><strong>CAN Gathering Herbst 2025<\/strong><\/h4>\n\n\n\n<h6 class=\"wp-block-heading has-tertiary-color has-text-color has-link-color wp-elements-d1dbdee9a3c9c649292ce461ef5e1713\">Donnerstag, 6. November \u2013 Sonntag, 9. November<br>M\u00fchle Nikitsch, Berggasse 26, 7302 Nikitsch \/\/ Sprache: Englisch, Deutsch<\/h6>\n\n\n\n<p>Der Ort f\u00fcr eines der wichtigsten Ereignisse im CAN-Jahr steht fest! Dieses Mal findet unser Treffen in der sch\u00f6nen M\u00fchle Nikitsch statt, nur 1.5 Stunden mit \u00f6ffentlichen Verkehrsmitteln von Wien entfernt!<br>Egal, ob du schon l\u00e4nger Mitglied bist oder gerade erst von uns erfahren hast, wenn du CAN, seine Menschen und Visionen, unsere aktuellen Projekte und M\u00f6glichkeiten zum Mitmachen kennenlernen m\u00f6chten, ist dieses lange Wochenende wahrscheinlich die beste Gelegenheit daf\u00fcr! Melde dich also f\u00fcr 3.5 Tage voller Begegnungen, gemeinsamer Gestaltung, Entspannung und sinnvoller Unterhaltung an.<\/p>\n\n\n\n<p>F\u00fcr weitere Informationen und zur Anmeldung klicken Sie auf das Bild unten!<\/p>\n\n\n\n<figure class=\"wp-block-image size-full\"><a href=\"https:\/\/civilaction.net\/de\/event\/can-gathering-autumn-2025\/\" target=\"_blank\" rel=\" noreferrer noopener\"><img decoding=\"async\" src=\"https:\/\/civilaction.net\/wp-content\/uploads\/89879742-6149-4505-9d86-98acf276d43d.png\" alt=\"\" class=\"wp-image-1651\"\/><\/a><\/figure>\n\n\n\n<hr class=\"wp-block-separator has-alpha-channel-opacity is-style-dots\" style=\"margin-top:var(--wp--preset--spacing--40);margin-bottom:var(--wp--preset--spacing--40)\"\/>\n<\/div>\n\n\n\n<p><\/p>","protected":false},"excerpt":{"rendered":"<p>Liebe*r Leser*in! CAN ist zur\u00fcck nach zwei (gut gebrauchten und wohlverdienten) Wochen Pause und Erholung im letzten Monat. Ich hoffe, Du hattest auch Gelegenheit, etwas durchzuatmen. Vielleicht ist Dir aufgefallen, dass dieser Newsletter etwas versp\u00e4tet erscheint,&nbsp; nennen wir es einfach ein Opfer der Sommerflaute. Im August schalten sogar E-Mails einen Gang runter! Jetzt, da der [&hellip;]<\/p>","protected":false},"author":7,"featured_media":0,"comment_status":"open","ping_status":"open","sticky":false,"template":"","format":"standard","meta":{"_acf_changed":false,"give_campaign_id":0,"footnotes":""},"categories":[131],"tags":[],"topic":[],"class_list":["post-1841","post","type-post","status-publish","format-standard","hentry","category-newsletter-collection"],"acf":[],"_links":{"self":[{"href":"https:\/\/civilaction.net\/de\/wp-json\/wp\/v2\/posts\/1841","targetHints":{"allow":["GET"]}}],"collection":[{"href":"https:\/\/civilaction.net\/de\/wp-json\/wp\/v2\/posts"}],"about":[{"href":"https:\/\/civilaction.net\/de\/wp-json\/wp\/v2\/types\/post"}],"author":[{"embeddable":true,"href":"https:\/\/civilaction.net\/de\/wp-json\/wp\/v2\/users\/7"}],"replies":[{"embeddable":true,"href":"https:\/\/civilaction.net\/de\/wp-json\/wp\/v2\/comments?post=1841"}],"version-history":[{"count":1,"href":"https:\/\/civilaction.net\/de\/wp-json\/wp\/v2\/posts\/1841\/revisions"}],"predecessor-version":[{"id":1843,"href":"https:\/\/civilaction.net\/de\/wp-json\/wp\/v2\/posts\/1841\/revisions\/1843"}],"wp:attachment":[{"href":"https:\/\/civilaction.net\/de\/wp-json\/wp\/v2\/media?parent=1841"}],"wp:term":[{"taxonomy":"category","embeddable":true,"href":"https:\/\/civilaction.net\/de\/wp-json\/wp\/v2\/categories?post=1841"},{"taxonomy":"post_tag","embeddable":true,"href":"https:\/\/civilaction.net\/de\/wp-json\/wp\/v2\/tags?post=1841"},{"taxonomy":"topic","embeddable":true,"href":"https:\/\/civilaction.net\/de\/wp-json\/wp\/v2\/topic?post=1841"}],"curies":[{"name":"wp","href":"https:\/\/api.w.org\/{rel}","templated":true}]}}