{"id":1798,"date":"2025-07-31T13:48:29","date_gmt":"2025-07-31T12:48:29","guid":{"rendered":"https:\/\/civilaction.net\/?p=1798"},"modified":"2025-08-03T06:52:56","modified_gmt":"2025-08-03T05:52:56","slug":"newsletter-august-2025","status":"publish","type":"post","link":"https:\/\/civilaction.net\/de\/2025\/07\/newsletter-august-2025\/","title":{"rendered":"August 2025, Newsletter"},"content":{"rendered":"<p>Liebe*r Leser*in!<\/p>\n\n\n\n<p>Hier ist mal wieder Jonas. Ich schicke&nbsp; dir dieses Update, kurz bevor CAN n\u00e4chste Woche in die Sommerpause geht. Vorher wird Sonia diesen Donnerstag noch einen letzten sommerlichen Stammtisch veranstalten (weitere Details unten). Aber wir haben bereits gro\u00dfe Pl\u00e4ne f\u00fcr den Herbst: Im September gibt es ein weiteres CANTogether und ein dreit\u00e4giges Leadership-Training im S\u00fcden Polens, das von mir und Jan veranstaltet wird. Im Oktober w\u00fcrden wir uns freuen, dich bei der 6. Ausgabe des Cross-Movement Open Space begr\u00fc\u00dfen zu d\u00fcrfen.&nbsp;<\/p>\n\n\n\n<p>Bis dahin werden die meisten von uns f\u00fcr ein paar Wochen offline sein, um sich nach einem ereignisreichen und inspirierenden, aber auch intensiven Fr\u00fchling und Sommer auszuruhen und neue Energie zu tanken.<\/p>\n\n\n\n<p>Ich hoffe, auch du findest Erholung und freue mich darauf, dich bei einer unserer Veranstaltungen im Herbst zu sehen!<\/p>\n\n\n\n<p>Und jetzt erst einmal: Viel Spa\u00df beim Lesen des Newsletters \ud83d\ude42<\/p>\n\n\n\n<p>Mit herzlichen Gr\u00fc\u00dfen<\/p>\n\n\n\n<p>Jonas<\/p>\n\n\n\n<p><\/p>\n\n\n\n<h6 class=\"wp-block-heading\">Dieser Newsletter:<\/h6>\n\n\n\n<p><strong>Kommende Veranstaltungen: <\/strong><\/p>\n\n\n\n<ul class=\"wp-block-list\">\n<li><a href=\"#together\" data-type=\"internal\" data-id=\"#together\">Augus<\/a><a href=\"#stammtisch\" data-type=\"internal\" data-id=\"#together\">t Stammtisch<\/a><\/li>\n\n\n\n<li><a href=\"#keep-fresh\">Keep Fresh Diskussions Abend<\/a><\/li>\n\n\n\n<li><a href=\"#cantogether\">CANTogether<\/a><\/li>\n\n\n\n<li><a href=\"#integralead\">Integralead Immersion Weekend<\/a><\/li>\n\n\n\n<li><a href=\"#cmos\">6. Cross-Movement Open Space<\/a><\/li>\n\n\n\n<li><a href=\"#gathering\">CANGathering Oktober<\/a><\/li>\n<\/ul>\n\n\n\n<p><strong>Vergangene Veranstaltungen:<\/strong><\/p>\n\n\n\n<ul class=\"wp-block-list\">\n<li><a href=\"#past-cantogether\" data-type=\"internal\" data-id=\"#integralead1\">CANTogetger Juli<\/a><\/li>\n\n\n\n<li><a href=\"#past-bdb\">Das war Begegnung durch Bewegung 2025<\/a><\/li>\n\n\n\n<li><a href=\"#past-keepfresh\">Das war der Keep Fresh Fermentations-Workshop<\/a><\/li>\n<\/ul>\n\n\n\n<p><\/p>\n\n\n\n<h4 class=\"wp-block-heading has-text-align-right has-tertiary-background-color has-background has-x-large-font-size\" style=\"margin-top:0;margin-right:0;margin-bottom:0;margin-left:0\"><strong>Kommende Veranstaltungen<\/strong><\/h4>\n\n\n\n<div class=\"wp-block-group is-layout-constrained wp-block-group-is-layout-constrained\">\n<h4 class=\"wp-block-heading has-black-color has-text-color has-link-color wp-elements-2fc3c2bb0008013113687992aa08f1d9\" id=\"stammtisch\">Stammtisch im August<\/h4>\n\n\n\n<h6 class=\"wp-block-heading has-tertiary-color has-text-color has-link-color wp-elements-5818e24ae7532d72b82223d58d9d51c4\">Donnerstag, 7. August \/\/ 19:00 &#8211; 21:00 Uhr<br>Statt-Beisl im WUK W\u00e4hringer Str. 59\/2, 1090 Wien \/\/ Sprache: Englisch, Deutsch und Polnisch<\/h6>\n\n\n\n<p>Komm zu unserem Stammtisch, unserem monatlichen Treffen, bei dem wir uns \u00fcber das aktuelle Geschehen bei CAN und in unserem Umfeld austauschen. Der Stammtisch ist ein entspannter Rahmen, um Menschen kennenlernen zu k\u00f6nnen, die sich in der Community engagieren, sich \u00fcber laufende Projekte zu informieren und neue M\u00f6glichkeiten entdecken k\u00f6nnen, sich einzubringen. Egal, ob du dich f\u00fcr den Verein interessierst, Gleichgesinnte suchst oder M\u00f6glichkeiten f\u00fcr ein aktiveres Engagement erkunden m\u00f6chtest \u2013 der Stammtisch ist der perfekte Ausgangspunkt. Au\u00dferdem ist es ein sch\u00f6ner und ungezwungener Ort, um gemeinsam Zeit zu verbringen.<\/p>\n\n\n\n<p>F\u00fcr weitere Informationen und zur Anmeldung klicke bitte auf das Bild unten!<\/p>\n\n\n\n<figure class=\"wp-block-image size-large\"><a href=\"https:\/\/civilaction.net\/de\/event\/can-stammtisch-august-2025\/\" target=\"_blank\" rel=\" noreferrer noopener\"><img loading=\"lazy\" decoding=\"async\" width=\"1024\" height=\"576\" src=\"https:\/\/civilaction.net\/wp-content\/uploads\/Stammtisch-August-2025-1024x576.jpg\" alt=\"\" class=\"wp-image-1813\" srcset=\"https:\/\/civilaction.net\/wp-content\/uploads\/Stammtisch-August-2025-1024x576.jpg 1024w, https:\/\/civilaction.net\/wp-content\/uploads\/Stammtisch-August-2025-300x169.jpg 300w, https:\/\/civilaction.net\/wp-content\/uploads\/Stammtisch-August-2025-768x432.jpg 768w, https:\/\/civilaction.net\/wp-content\/uploads\/Stammtisch-August-2025-1536x864.jpg 1536w, https:\/\/civilaction.net\/wp-content\/uploads\/Stammtisch-August-2025-18x10.jpg 18w, https:\/\/civilaction.net\/wp-content\/uploads\/Stammtisch-August-2025.jpg 1920w\" sizes=\"auto, (max-width: 1024px) 100vw, 1024px\" \/><\/a><\/figure>\n\n\n\n<hr class=\"wp-block-separator has-alpha-channel-opacity is-style-dots\" style=\"margin-top:var(--wp--preset--spacing--40);margin-bottom:var(--wp--preset--spacing--40)\"\/>\n<\/div>\n\n\n\n<div class=\"wp-block-group is-layout-constrained wp-block-group-is-layout-constrained\">\n<h4 class=\"wp-block-heading has-black-color has-text-color has-link-color wp-elements-d12d32eda9161ba00176f701f524a69d\" id=\"keep-fresh\">KEEP FRESH DISKUSSIONSABEND<\/h4>\n\n\n\n<h6 class=\"wp-block-heading has-tertiary-color has-text-color has-link-color wp-elements-5818e24ae7532d72b82223d58d9d51c4\">Donnerstag, 7. August \/\/ 19:00 &#8211; 21:00 Uhr<br>Statt-Beisl im WUK W\u00e4hringer Str. 59\/2, 1090 Wien \/\/ Sprache: Englisch, Deutsch und Polnisch<\/h6>\n\n\n\n<p>Nimm an unserem Diskussionsabend teil, bei dem wir wichtige Themen im Zusammenhang mit nachhaltiger Ern\u00e4hrung er\u00f6rtern und uns dabei auf die \u00f6kologischen und sozialen Auswirkungen von Lebensmittelabf\u00e4llen konzentrieren. Gemeinsam wollen wir uns \u00fcber Strategien zur Minimierung von Lebensmittelverschwendung austauschen und gemeinschaftsorientierte L\u00f6sungen wie Food-Sharing-Programme, Gemeinschaftsk\u00fcchen, lokale Kochkurse und die Rolle der Lebensmittelkonservierung bei der Verringerung von Umweltsch\u00e4den untersuchen. Die Beitr\u00e4ge und Diskussionen sollen zu praktischen, gemeinschaftsbasierten Ma\u00dfnahmen zur Verbesserung der Nachhaltigkeit von Lebensmitteln und zur Reduzierung von Abfall anregen.<\/p>\n\n\n\n<p>F\u00fcr weitere Informationen und zur Anmeldung klicke bitte auf das Bild unten!<\/p>\n\n\n\n<figure class=\"wp-block-image size-large\"><a href=\"https:\/\/civilaction.net\/de\/event\/keep-fresh-6-discussion-evening\/\" target=\"_blank\" rel=\" noreferrer noopener\"><img loading=\"lazy\" decoding=\"async\" width=\"1024\" height=\"576\" src=\"https:\/\/civilaction.net\/wp-content\/uploads\/keep-fresh-6-1024x576.jpg\" alt=\"\" class=\"wp-image-1814\" srcset=\"https:\/\/civilaction.net\/wp-content\/uploads\/keep-fresh-6-1024x576.jpg 1024w, https:\/\/civilaction.net\/wp-content\/uploads\/keep-fresh-6-300x169.jpg 300w, https:\/\/civilaction.net\/wp-content\/uploads\/keep-fresh-6-768x432.jpg 768w, https:\/\/civilaction.net\/wp-content\/uploads\/keep-fresh-6-1536x864.jpg 1536w, https:\/\/civilaction.net\/wp-content\/uploads\/keep-fresh-6-18x10.jpg 18w, https:\/\/civilaction.net\/wp-content\/uploads\/keep-fresh-6.jpg 1920w\" sizes=\"auto, (max-width: 1024px) 100vw, 1024px\" \/><\/a><\/figure>\n\n\n\n<hr class=\"wp-block-separator has-alpha-channel-opacity is-style-dots\" style=\"margin-top:var(--wp--preset--spacing--40);margin-bottom:var(--wp--preset--spacing--40)\"\/>\n<\/div>\n\n\n\n<div class=\"wp-block-group is-layout-constrained wp-block-group-is-layout-constrained\">\n<h4 class=\"wp-block-heading has-black-color has-text-color has-link-color wp-elements-8b56b128a10c477cf46496a69898b4e7\" id=\"cantogether\"><strong>Kommt zusammen zum CANtogether!<\/strong><\/h4>\n\n\n\n<h6 class=\"wp-block-heading has-tertiary-color has-text-color has-link-color wp-elements-e2257a43b1f963084255337a6edc23f0\">Samstag, 20. September \/\/ ab 16:00 Uhr<br>Wien, Ort wird noch bekannt gegeben \/\/ Sprache: Englisch, Deutsch und Polnisch<\/h6>\n\n\n\n<p>Wie alle drei Monate freuen wir uns, einen Raum f\u00fcr den Austausch zwischen Mitgliedern der breiteren CAN-Community und allen, die sich f\u00fcr unsere Arbeit interessieren, zu schaffen.<\/p>\n\n\n\n<p>Dieses Mal bieten wir einen <strong>Workshop<\/strong> dar\u00fcber an, wie <strong>Konflikte<\/strong> und <strong>Spannungen<\/strong> im Kontext von Gruppen auftreten, die sich f\u00fcr sozialen Wandel einsetzen. Wir hoffen, einen Raum f\u00fcr den Austausch von Erfahrungen und Perspektiven bieten zu k\u00f6nnen. Gerne informieren wir dich auch \u00fcber neue Entwicklungen und bevorstehende Pl\u00e4ne von CAN. <br>Den Abend lassen wir bei einem gemeinsamen Abendessen in entspannter Atmosph\u00e4re ausklingen.<\/p>\n\n\n\n<p>Bring gerne Freunde mit!<\/p>\n\n\n\n<figure class=\"wp-block-image aligncenter size-large\"><a href=\"https:\/\/civilaction.net\/de\/event\/cantogether-september-2025\/\" target=\"_blank\" rel=\" noreferrer noopener\"><img loading=\"lazy\" decoding=\"async\" width=\"1024\" height=\"576\" src=\"https:\/\/civilaction.net\/wp-content\/uploads\/1.03.25-website-1-1-1024x576.jpg\" alt=\"\" class=\"wp-image-1816\" srcset=\"https:\/\/civilaction.net\/wp-content\/uploads\/1.03.25-website-1-1-1024x576.jpg 1024w, https:\/\/civilaction.net\/wp-content\/uploads\/1.03.25-website-1-1-300x169.jpg 300w, https:\/\/civilaction.net\/wp-content\/uploads\/1.03.25-website-1-1-768x432.jpg 768w, https:\/\/civilaction.net\/wp-content\/uploads\/1.03.25-website-1-1-1536x864.jpg 1536w, https:\/\/civilaction.net\/wp-content\/uploads\/1.03.25-website-1-1-18x10.jpg 18w, https:\/\/civilaction.net\/wp-content\/uploads\/1.03.25-website-1-1.jpg 1920w\" sizes=\"auto, (max-width: 1024px) 100vw, 1024px\" \/><\/a><\/figure>\n\n\n\n<hr class=\"wp-block-separator has-alpha-channel-opacity is-style-dots\" style=\"margin-top:var(--wp--preset--spacing--40);margin-bottom:var(--wp--preset--spacing--40)\"\/>\n\n\n\n<h4 class=\"wp-block-heading has-black-color has-text-color has-link-color wp-elements-a64a3bfc8b81566bb9396bc1c57816fb\" id=\"integralead\"><strong>SAVE THE DATE: Integralead Immersion Weekend II<\/strong><\/h4>\n\n\n\n<h6 class=\"wp-block-heading has-tertiary-color has-text-color has-link-color wp-elements-07463d61fc3a8d2c20220920b1ec0f90\">Freitag, 26. September \u2013 Sonntag, 28. September<br>Ort: G\u00f3ra \u015awi\u0119tej Anny, S\u00fcdpolen \/\/ Sprache: Englisch<\/h6>\n\n\n\n<p>Wenn Du Verantwortung in einer Initiative f\u00fcr sozialen Wandel \u00fcbernimmst, laden wir dich herzlich ein, am 2. Integralead Immersion Weekend teilzunehmen! W\u00e4hrend dieses dreit\u00e4gigen Trainings werden wir uns intensiv mit den F\u00e4higkeiten befassen, die f\u00fcr effektive gemeinsame Leitung erforderlich sind. Du hast die M\u00f6glichkeit, mit und von Gleichgesinnten und unseren Trainern zu lernen, deine eigenen Erfahrungen einzubringen und langfristige Beziehungen zu Menschen zu kn\u00fcpfen, die in verschiedenen Bereichen der \u00f6sterreichischen und polnischen Zivilgesellschaft aktiv sind. Das Projekt wird von der EU kofinanziert, sodass wir dieses Training zu einem erschwinglichen Preis anbieten k\u00f6nnen.<\/p>\n\n\n\n<p>F\u00fcr weitere Informationen und zur Anmeldung klicken auf das Bild unten!<\/p>\n\n\n\n<figure class=\"wp-block-image aligncenter size-full\"><a href=\"https:\/\/civilaction.net\/de\/event\/integralead-immersion-weekend\/\" target=\"_blank\" rel=\" noreferrer noopener\"><img loading=\"lazy\" decoding=\"async\" width=\"1000\" height=\"562\" src=\"https:\/\/civilaction.net\/wp-content\/uploads\/Immersion-Weekend-2-Banner-1.png\" alt=\"\" class=\"wp-image-1817\" srcset=\"https:\/\/civilaction.net\/wp-content\/uploads\/Immersion-Weekend-2-Banner-1.png 1000w, https:\/\/civilaction.net\/wp-content\/uploads\/Immersion-Weekend-2-Banner-1-300x169.png 300w, https:\/\/civilaction.net\/wp-content\/uploads\/Immersion-Weekend-2-Banner-1-768x432.png 768w, https:\/\/civilaction.net\/wp-content\/uploads\/Immersion-Weekend-2-Banner-1-18x10.png 18w\" sizes=\"auto, (max-width: 1000px) 100vw, 1000px\" \/><\/a><\/figure>\n\n\n\n<hr class=\"wp-block-separator has-alpha-channel-opacity is-style-dots\" style=\"margin-top:var(--wp--preset--spacing--40);margin-bottom:var(--wp--preset--spacing--40)\"\/>\n\n\n\n<h4 class=\"wp-block-heading has-black-color has-text-color has-link-color wp-elements-dabfd38344295a29910d7cbffbfe4fc4\" id=\"cmos\">Save the date: 6. Cross-Movement Open Space<\/h4>\n\n\n\n<h6 class=\"wp-block-heading has-tertiary-color has-text-color has-link-color wp-elements-4e26fbbdc61c790e9e14574db4f4c2f2\">Samstag + Sonntag, 25. + 26. Oktober<br>die HausWirtschaft, 1020 Wien \/\/ \/\/ Sprachen: Englisch, Deutsch<\/h6>\n\n\n\n<p>Die 6. Ausgabe von CMOS dreht sich um die Frage: \u201c<strong>Demokratische Gespr\u00e4chskultur: Verurteilung, Respekt, Offenheit<\/strong> <strong>&#8211; Was brauchen wir (nicht)?<\/strong>\u201d Wir laden erneut aktive Menschen aus verschiedenen sozialen Bewegungen zu zwei Tagen des Lernens und der Vernetzung ein. Nimm am Wochenende (oder einem Teil davon) teil, um andere Vertreter von Gruppen und Initiativen zu treffen. Tausche Ressourcen aus, kn\u00fcpf neue Kontakte oder triff Teilnehmende wieder, die du bereits aus fr\u00fcheren Ausgaben des CMOS kennst. Es besteht auch die M\u00f6glichkeit, das Organisationsteam vor, w\u00e4hrend und\/oder nach der Veranstaltung als Helping Hand zu unterst\u00fctzen.<\/p>\n\n\n\n<p><br>Besuch die Website, indem du auf das Bild unten klickst, um mehr \u00fcber die Veranstaltung zu erfahren, und melde dich \u00fcber das Formular an, um teilzunehmen<\/p>\n\n\n\n<figure class=\"wp-block-image aligncenter size-full\"><a href=\"https:\/\/civilaction.net\/de\/event\/6-cross-movement-open-space\/\"><img decoding=\"async\" src=\"https:\/\/civilaction.net\/wp-content\/uploads\/402b390a-cd45-4da1-9512-e535c19962c8.jpeg\" alt=\"\" class=\"wp-image-1797\"\/><\/a><\/figure>\n\n\n\n<hr class=\"wp-block-separator has-alpha-channel-opacity is-style-dots\" style=\"margin-top:var(--wp--preset--spacing--40);margin-bottom:var(--wp--preset--spacing--40)\"\/>\n\n\n\n<h4 class=\"wp-block-heading has-black-color has-text-color has-link-color wp-elements-cee42e992a2447da3b73b486bdeec083\" id=\"gathering\"><strong>CAN Gathering Herbst 2025<\/strong><\/h4>\n\n\n\n<h6 class=\"wp-block-heading has-tertiary-color has-text-color has-link-color wp-elements-d1dbdee9a3c9c649292ce461ef5e1713\">Donnerstag, 6. November \u2013 Sonntag, 9. November<br>M\u00fchle Nikitsch, Berggasse 26, 7302 Nikitsch \/\/ Sprache: Englisch, Deutsch<\/h6>\n\n\n\n<p>Der Ort f\u00fcr eines der wichtigsten Ereignisse im CAN-Jahr steht fest! Dieses Mal findet unser Treffen im Burgenland statt, nur 1.5 Stunden mit \u00f6ffentlichen Verkehrsmitteln von Wien entfernt. Egal, ob du schon l\u00e4nger Mitglied bist oder gerade erst von uns erfahren hast, wenn du CAN, seine Menschen und Visionen, unsere aktuellen Projekte und M\u00f6glichkeiten zum Mitmachen kennenlernen m\u00f6chten, ist dieses lange Wochenende wahrscheinlich die beste Gelegenheit daf\u00fcr! Melde dich also f\u00fcr 3.5 Tage voller Begegnungen, gemeinsamer Gestaltung, Entspannung und sinnvollem Spa\u00df an.<\/p>\n\n\n\n<p>F\u00fcr weitere Informationen und zur Anmeldung klicken Sie auf das Bild unten!<\/p>\n\n\n\n<figure class=\"wp-block-image size-full\"><a href=\"https:\/\/civilaction.net\/de\/event\/can-gathering-autumn-2025\/\" target=\"_blank\" rel=\" noreferrer noopener\"><img decoding=\"async\" src=\"https:\/\/civilaction.net\/wp-content\/uploads\/89879742-6149-4505-9d86-98acf276d43d.png\" alt=\"\" class=\"wp-image-1651\"\/><\/a><\/figure>\n\n\n\n<hr class=\"wp-block-separator has-alpha-channel-opacity is-style-dots\" style=\"margin-top:var(--wp--preset--spacing--40);margin-bottom:var(--wp--preset--spacing--40)\"\/>\n<\/div>\n\n\n\n<div class=\"wp-block-group is-layout-constrained wp-block-group-is-layout-constrained\">\n<p><\/p>\n\n\n\n<p><\/p>\n\n\n\n<h4 class=\"wp-block-heading has-text-align-right has-tertiary-background-color has-background has-x-large-font-size\" style=\"margin-top:0;margin-right:0;margin-bottom:0;margin-left:0\"><strong>Vergangene Veranstaltungen<\/strong><\/h4>\n<\/div>\n\n\n\n<div class=\"wp-block-group is-layout-constrained wp-block-group-is-layout-constrained\">\n<h4 class=\"wp-block-heading has-black-color has-text-color has-link-color wp-elements-815fcf2480facdb741fddfbed6fe2d75\" id=\"past-cantogether\"><strong>CANtogether Sommer Edition<\/strong><\/h4>\n\n\n\n<h6 class=\"wp-block-heading has-tertiary-color has-text-color has-link-color wp-elements-fb29af445ef8484dddc7929f5af59033\"><strong><strong>5.Juli&nbsp; \/\/ YoungCaritas ActionFabrik<\/strong><\/strong><\/h6>\n\n\n\n<p>Am 5. Juli versammelten sich rund 15 Menschen in der YoungCaritas Actionfabrik zu einem verbindenden Abend im Rahmen unseres CANtogether Community-Events. Mit vertrauten wie auch neuen Gesichtern erkundeten wir in einem Workshop von Jan das Thema \u201eResilienz in Zeiten multipler Krisen\u201c. Der pers\u00f6nliche Austausch brachte spannende neue Erkenntnisse und zeigte uns allen die Kraft kollektiver Resilienz. Der Abend wurde bereichert durch eine Ausstellung aus unserem fr\u00fcheren Projekt Storytelling for Youth Empowerment sowie ein k\u00f6stliches Essen, liebevoll zubereitet von Greta und Xia. Wir gingen mit gef\u00fcllten Herzen und B\u00e4uchen nach Hause und freuen uns darauf, euch alle bald wiederzusehen.<\/p>\n\n\n\n<hr class=\"wp-block-separator has-alpha-channel-opacity is-style-dots\" style=\"margin-top:var(--wp--preset--spacing--40);margin-bottom:var(--wp--preset--spacing--40)\"\/>\n\n\n\n<h4 class=\"wp-block-heading has-black-color has-text-color has-link-color wp-elements-40d2ac1536af79e94db83a21979fd285\" id=\"past-bdb\"><strong>Das war Begegnung durch Bewegung 2025&nbsp;<\/strong><\/h4>\n\n\n\n<h6 class=\"wp-block-heading has-tertiary-color has-text-color has-link-color wp-elements-037a20b651f1d1ea40ce5f78f10b2e3e\"><strong><strong>Juni und Juli 2025 \/\/ an \u00f6ffentlichen Pl\u00e4tzen in 1020, 1150, 1160, 1200 \/\/&nbsp; Sprachen: alle<\/strong><\/strong><\/h6>\n\n\n\n<p>Nach mehr als sechs Wochen Bewegungsworkshops und vielen wunderbaren sozialen Zusammenk\u00fcnften in den vier von uns bespietlen \u00f6ffentlichen R\u00e4umen f\u00fchlen wir uns durch Bewegung und bedeutungsvolle Begegnungen bereichert. Wir haben wieder einmal bekannte Gesichter getroffen, die seit Jahren an unseren Workshops teilnehmen, aber auch viele neue Menschen kennengelernt und neue Perspektiven auf den \u00f6ffentlichen Raum, das Leben in der Nachbarschaft und allt\u00e4gliche Erfahrungen gewonnen.<\/p>\n\n\n\n<p>Mit einer fr\u00f6hlichen Abschlussveranstaltung am Freitag, dem 18. Juli, im Volkertmarkt \u2013 trotz ein wenig Regen \u2013 haben wir gemeinsam mit unserem Projektpartner Jugendzentrum ALte Trafik unsere Aktivit\u00e4ten f\u00fcr dieses Jahr beendet und bleiben gespannt, wie sich das Projekt in der Zukunft weiterentwickeln wird. Ein gro\u00dfes Dankesch\u00f6n bleibt uns zusagen an alle lieben Menschen, Bewegungsp\u00e4dagog:innen, das Kommunikationsteam und nat\u00fcrlich alle Teilnehmenden, die dieses lebendige Projekt m\u00f6glich gemacht haben!<\/p>\n\n\n\n<figure class=\"wp-block-gallery has-nested-images columns-default is-cropped wp-block-gallery-1 is-layout-flex wp-block-gallery-is-layout-flex\">\n<figure class=\"wp-block-image size-large\"><img loading=\"lazy\" decoding=\"async\" width=\"768\" height=\"1024\" data-id=\"1818\" src=\"https:\/\/civilaction.net\/wp-content\/uploads\/BDB25_Kreative-Bilder-768x1024.png\" alt=\"\" class=\"wp-image-1818\" srcset=\"https:\/\/civilaction.net\/wp-content\/uploads\/BDB25_Kreative-Bilder-768x1025.png 768w, https:\/\/civilaction.net\/wp-content\/uploads\/BDB25_Kreative-Bilder-225x300.png 225w, https:\/\/civilaction.net\/wp-content\/uploads\/BDB25_Kreative-Bilder-1151x1536.png 1151w, https:\/\/civilaction.net\/wp-content\/uploads\/BDB25_Kreative-Bilder-9x12.png 9w, https:\/\/civilaction.net\/wp-content\/uploads\/BDB25_Kreative-Bilder.png 1512w\" sizes=\"auto, (max-width: 768px) 100vw, 768px\" \/><\/figure>\n\n\n\n<figure class=\"wp-block-image size-large\"><img loading=\"lazy\" decoding=\"async\" width=\"768\" height=\"1024\" data-id=\"1819\" src=\"https:\/\/civilaction.net\/wp-content\/uploads\/BDB25_Moment-der-Musik-768x1024.png\" alt=\"\" class=\"wp-image-1819\" srcset=\"https:\/\/civilaction.net\/wp-content\/uploads\/BDB25_Moment-der-Musik-768x1025.png 768w, https:\/\/civilaction.net\/wp-content\/uploads\/BDB25_Moment-der-Musik-225x300.png 225w, https:\/\/civilaction.net\/wp-content\/uploads\/BDB25_Moment-der-Musik-1151x1536.png 1151w, https:\/\/civilaction.net\/wp-content\/uploads\/BDB25_Moment-der-Musik-9x12.png 9w, https:\/\/civilaction.net\/wp-content\/uploads\/BDB25_Moment-der-Musik.png 1512w\" sizes=\"auto, (max-width: 768px) 100vw, 768px\" \/><\/figure>\n<\/figure>\n\n\n\n<hr class=\"wp-block-separator has-alpha-channel-opacity is-style-dots\" style=\"margin-top:var(--wp--preset--spacing--40);margin-bottom:var(--wp--preset--spacing--40)\"\/>\n<\/div>\n\n\n\n<div class=\"wp-block-group is-layout-constrained wp-block-group-is-layout-constrained\">\n<h4 class=\"wp-block-heading has-black-color has-text-color has-link-color wp-elements-65d2d56b43a0a72afcf79927dd8c85c5\" id=\"past-keepfresh\"><strong>KEEP FRESH Fermentier Workshop<\/strong><\/h4>\n\n\n\n<h6 class=\"wp-block-heading has-tertiary-color has-text-color has-link-color wp-elements-66964b210e2f1608e8d12040ea2f8476\"><strong><strong>Montag, 14. JuLi \/\/ T\u00dcWI, 1190<\/strong><\/strong><\/h6>\n\n\n\n<p>Rund 15 Personen kamen zu unserem s\u00fc\u00df-sauren Abend im T\u00fcwi, um eine riesige Menge Karotten einzulegen und literweise Rhabarbermarmelade zu kochen. Wir hatten viel Spa\u00df und m\u00f6chten uns bei allen Teilnehmern herzlich bedanken. Ich hoffe, eure Gl\u00e4ser sind lecker geworden.<\/p>\n\n\n\n<p>Der n\u00e4chste Konservierungsworkshop findet nach dem Sommer im Oktober statt.<\/p>\n\n\n\n<p>Bis dahin \u2013 keep fresh!&nbsp;<\/p>\n\n\n\n<hr class=\"wp-block-separator has-alpha-channel-opacity is-style-dots\" style=\"margin-top:var(--wp--preset--spacing--40);margin-bottom:var(--wp--preset--spacing--40)\"\/>\n<\/div>\n\n\n\n<p><\/p>","protected":false},"excerpt":{"rendered":"<p>Liebe*r Leser*in! Hier ist mal wieder Jonas. Ich schicke&nbsp; dir dieses Update, kurz bevor CAN n\u00e4chste Woche in die Sommerpause geht. Vorher wird Sonia diesen Donnerstag noch einen letzten sommerlichen Stammtisch veranstalten (weitere Details unten). Aber wir haben bereits gro\u00dfe Pl\u00e4ne f\u00fcr den Herbst: Im September gibt es ein weiteres CANTogether und ein dreit\u00e4giges Leadership-Training [&hellip;]<\/p>","protected":false},"author":7,"featured_media":0,"comment_status":"open","ping_status":"open","sticky":false,"template":"","format":"standard","meta":{"_acf_changed":false,"give_campaign_id":0,"footnotes":""},"categories":[131],"tags":[],"topic":[],"class_list":["post-1798","post","type-post","status-publish","format-standard","hentry","category-newsletter-collection"],"acf":[],"_links":{"self":[{"href":"https:\/\/civilaction.net\/de\/wp-json\/wp\/v2\/posts\/1798","targetHints":{"allow":["GET"]}}],"collection":[{"href":"https:\/\/civilaction.net\/de\/wp-json\/wp\/v2\/posts"}],"about":[{"href":"https:\/\/civilaction.net\/de\/wp-json\/wp\/v2\/types\/post"}],"author":[{"embeddable":true,"href":"https:\/\/civilaction.net\/de\/wp-json\/wp\/v2\/users\/7"}],"replies":[{"embeddable":true,"href":"https:\/\/civilaction.net\/de\/wp-json\/wp\/v2\/comments?post=1798"}],"version-history":[{"count":4,"href":"https:\/\/civilaction.net\/de\/wp-json\/wp\/v2\/posts\/1798\/revisions"}],"predecessor-version":[{"id":1822,"href":"https:\/\/civilaction.net\/de\/wp-json\/wp\/v2\/posts\/1798\/revisions\/1822"}],"wp:attachment":[{"href":"https:\/\/civilaction.net\/de\/wp-json\/wp\/v2\/media?parent=1798"}],"wp:term":[{"taxonomy":"category","embeddable":true,"href":"https:\/\/civilaction.net\/de\/wp-json\/wp\/v2\/categories?post=1798"},{"taxonomy":"post_tag","embeddable":true,"href":"https:\/\/civilaction.net\/de\/wp-json\/wp\/v2\/tags?post=1798"},{"taxonomy":"topic","embeddable":true,"href":"https:\/\/civilaction.net\/de\/wp-json\/wp\/v2\/topic?post=1798"}],"curies":[{"name":"wp","href":"https:\/\/api.w.org\/{rel}","templated":true}]}}