{"id":1727,"date":"2025-07-02T16:02:38","date_gmt":"2025-07-02T15:02:38","guid":{"rendered":"https:\/\/civilaction.net\/?p=1727"},"modified":"2025-07-02T16:05:52","modified_gmt":"2025-07-02T15:05:52","slug":"newsletter-juli-2025","status":"publish","type":"post","link":"https:\/\/civilaction.net\/de\/2025\/07\/newsletter-juli-2025\/","title":{"rendered":"Juli 2025, Newsletter"},"content":{"rendered":"<p>Liebe*r Leser*in!<\/p>\n\n\n\n<p>Der Sommer ist in vollem Gange und wir begeben uns auf die Zielgerade vor der Sommerpause. Im Juli haben wir noch ein reichhaltiges Programm f\u00fcr dich: die 2. H\u00e4lfte von <a href=\"#noch\" data-type=\"internal\" data-id=\"#noch\">Begegnung durch Bewegung<\/a> l\u00e4dt Menschen in Wien ein, sich im und mit dem \u00f6ffentlichen Raum zu verbinden, eine weitere Runde der <a href=\"https:\/\/civilaction.net\/de\/event\/integralead-essentials-july-2025\/\" target=\"_blank\" rel=\"noreferrer noopener\">Integralead Essentials<\/a> Online-Trainings schafft Raum f\u00fcr Menschen, die Verantwortung f\u00fcr ihre Initiative \u00fcbernehmen, um ihre F\u00fchrungskompetenzen zu vertiefen, wir veranstalten ein <a href=\"#together\" data-type=\"internal\" data-id=\"#together\">CANtogether <\/a>f\u00fcr alle, die uns kennenlernen wollen, es gibt einen <a href=\"#carrots\">Einlege-Workshop <\/a>und mehr!\u00a0<\/p>\n\n\n\n<p>Ich hoffe, Du genie\u00dft den Sommer und beh\u00e4ltst dabei einen k\u00fchlen Kopf!&nbsp;<\/p>\n\n\n\n<p>Alles Liebe und viel Spa\u00df beim Lesen,<\/p>\n\n\n\n<p>Jonas<\/p>\n\n\n\n<p><\/p>\n\n\n\n<h6 class=\"wp-block-heading\">Dieser Newsletter:<\/h6>\n\n\n\n<p><strong>Kommende Veranstaltungen: <\/strong><\/p>\n\n\n\n<ul class=\"wp-block-list\">\n<li><a href=\"#together\" data-type=\"internal\" data-id=\"#together\">Come together to the CANtogether !<\/a><\/li>\n\n\n\n<li><a href=\"#stammtisch\">Juli Stammtisch<\/a><\/li>\n\n\n\n<li><a href=\"#carrots\" data-type=\"internal\" data-id=\"#carrots\">Keep Fresh #5 Preservation Workshop<\/a><\/li>\n\n\n\n<li><a href=\"#noch\">Noch 2 weitere Wochen<em> Begegnung durch Bewegung<\/em><\/a><\/li>\n\n\n\n<li><a href=\"#abschluss\" data-type=\"internal\" data-id=\"#abschluss\">Abschlussevent von <em>Begegnung durch Bewegung 2025<\/em><\/a><\/li>\n\n\n\n<li><a href=\"#smnl\">Social Movements Networking Lunch<\/a><\/li>\n\n\n\n<li><a href=\"#integralead2\">SAVE THE DATE: Integralead Immersion Weekend II<\/a><\/li>\n\n\n\n<li><a href=\"#gathering\">SAVE THE DATE: CAN Gathering Autumn 2025<\/a><\/li>\n<\/ul>\n\n\n\n<p><strong>Vergangene Veranstaltungen:<\/strong><\/p>\n\n\n\n<ul class=\"wp-block-list\">\n<li><a href=\"#integralead1\" data-type=\"internal\" data-id=\"#integralead1\">Integralead Immersion Weekend 1<\/a><\/li>\n\n\n\n<li><a href=\"#cmos\">Das war das 5. Cross Movement Open Space !<\/a><\/li>\n\n\n\n<li><a href=\"#workshop\" data-type=\"internal\" data-id=\"#workshop\">Workshop: Wie bekomme ich eine Projektf\u00f6rderung?<\/a><\/li>\n<\/ul>\n\n\n\n<p><\/p>\n\n\n\n<h4 class=\"wp-block-heading has-text-align-right has-tertiary-background-color has-background has-x-large-font-size\" style=\"margin-top:0;margin-right:0;margin-bottom:0;margin-left:0\"><strong>Kommende Veranstaltungen<\/strong><\/h4>\n\n\n\n<div class=\"wp-block-group is-layout-constrained wp-block-group-is-layout-constrained\">\n<h4 class=\"wp-block-heading has-black-color has-text-color has-link-color wp-elements-1bbd4401061149d222635a1b3c57346d\" id=\"together\">Come together to the cantogether<\/h4>\n\n\n\n<h6 class=\"wp-block-heading has-tertiary-color has-text-color has-link-color wp-elements-a7a2cc74830efa5501fac5f5f0f95aae\"><strong>Samstag, 5. Juli \/\/ 16:00 &#8211; 22:30<br>youngCaritas actionFabrik, Heiligenst\u00e4dter Stra\u00dfe 31, G\u00fcrtelbogen 353, 1190 \/\/ Sprachen: Englisch, Deutsch und Polnisch<\/strong><\/h6>\n\n\n\n<p>Wir laden euch herzlich zur Sommerausgabe unseres Community-Treffens ein \u2013 ein offener Raum, um sich zu verbinden, zu reflektieren und gemeinsam sinnvolle Zeit zu verbringen. Wie immer wird es ein Ort sein, an dem man neue Gesichter trifft und bekannte wieder sieht. Ladet eure Freund:innen, Liebsten, Familienmitglieder, Mitbewohner:innen oder andere Menschen ein, mit denen ihr diesen Abend verbringen m\u00f6chtet \ud83d\ude42<br><strong>16:00<\/strong> Er\u00f6ffnung der Ausstellung: Geschichten von Br\u00fccken bauenden Aktivist:innen und Gemeinschaftsinitiativen<br><strong>17:00 \u2013 19:00<\/strong> Workshop: Resilienz aufbauen in Zeiten multipler Krisen<br>Eine partizipative Sitzung zur Erforschung emotionaler Resilienz aus individueller und kollektiver Perspektive (Sprache: Englisch)<br><strong>19:00 \u2013 19:20<\/strong> Was ist das Civil Action Network und wie kann ich mitmachen?<br><strong>19:20 \u2013 22:30<\/strong> Gemeinsames Abendessen &amp; offenes Beisammensein<\/p>\n\n\n\n<p>F\u00fcr weitere Informationen und Anmeldung klicke auf das Bild unten!<\/p>\n\n\n\n<figure class=\"wp-block-image size-large\"><a href=\"https:\/\/civilaction.net\/de\/event\/cantogether-july-2025\/\"><img loading=\"lazy\" decoding=\"async\" width=\"1024\" height=\"512\" src=\"https:\/\/civilaction.net\/wp-content\/uploads\/IG-CANtogether-05.07-1024x512.jpg\" alt=\"\" class=\"wp-image-1731\" srcset=\"https:\/\/civilaction.net\/wp-content\/uploads\/IG-CANtogether-05.07-1024x512.jpg 1024w, https:\/\/civilaction.net\/wp-content\/uploads\/IG-CANtogether-05.07-300x150.jpg 300w, https:\/\/civilaction.net\/wp-content\/uploads\/IG-CANtogether-05.07-768x384.jpg 768w, https:\/\/civilaction.net\/wp-content\/uploads\/IG-CANtogether-05.07-1536x768.jpg 1536w, https:\/\/civilaction.net\/wp-content\/uploads\/IG-CANtogether-05.07-2048x1024.jpg 2048w, https:\/\/civilaction.net\/wp-content\/uploads\/IG-CANtogether-05.07-18x9.jpg 18w\" sizes=\"auto, (max-width: 1024px) 100vw, 1024px\" \/><\/a><\/figure>\n\n\n\n<hr class=\"wp-block-separator has-alpha-channel-opacity is-style-dots\" style=\"margin-top:var(--wp--preset--spacing--40);margin-bottom:var(--wp--preset--spacing--40)\"\/>\n\n\n\n<h4 class=\"wp-block-heading has-black-color has-text-color has-link-color wp-elements-56763abae0fa3b8358ed5e39e324123a\" id=\"stammtisch\">Juli Stammtisch<\/h4>\n\n\n\n<h6 class=\"wp-block-heading has-tertiary-color has-text-color has-link-color wp-elements-a845fac3174ea1eff420eaabf00d9b3f\"><strong>Donnerstag, 10. JuLi \/\/ 19:00 &#8211; 22:00<br>Caf\u00e9 Weidinger, Lerchenfelder G\u00fcrtel 1, 1160 \/\/ SpracheN: Englisch, Deutsch und Polnisch<\/strong><\/h6>\n\n\n\n<p>Komme zum Stammtisch, unserem monatlichen Treffen, bei dem wir uns dar\u00fcber austauschen, was in und um CAN passiert. Es ist ein entspannter Ort, an dem du uns informell kennenlernen kannst, dich \u00fcber laufende Projekte informieren kannst und M\u00f6glichkeiten entdecken kannst, dich einzubringen. Egal, ob du ein spezifisches Interesse am Civil Action Network hast oder dich einfach mit Gleichgesinnten austauschen m\u00f6chtest, der Stammtisch ist der perfekte Ausgangspunkt.&nbsp;<\/p>\n\n\n\n<p>F\u00fcr weitere Informationen und die Anmeldung klicke auf das Bild unten!<\/p>\n\n\n\n<figure class=\"wp-block-image size-large\"><a href=\"https:\/\/civilaction.net\/de\/event\/stammtisch-july-2025\/\"><img loading=\"lazy\" decoding=\"async\" width=\"1024\" height=\"576\" src=\"https:\/\/civilaction.net\/wp-content\/uploads\/Stammtisch-202507-1-1024x576.png\" alt=\"\" class=\"wp-image-1742\" srcset=\"https:\/\/civilaction.net\/wp-content\/uploads\/Stammtisch-202507-1-1024x576.png 1024w, https:\/\/civilaction.net\/wp-content\/uploads\/Stammtisch-202507-1-300x169.png 300w, https:\/\/civilaction.net\/wp-content\/uploads\/Stammtisch-202507-1-768x432.png 768w, https:\/\/civilaction.net\/wp-content\/uploads\/Stammtisch-202507-1-1536x864.png 1536w, https:\/\/civilaction.net\/wp-content\/uploads\/Stammtisch-202507-1-18x10.png 18w, https:\/\/civilaction.net\/wp-content\/uploads\/Stammtisch-202507-1.png 1920w\" sizes=\"auto, (max-width: 1024px) 100vw, 1024px\" \/><\/a><\/figure>\n\n\n\n<hr class=\"wp-block-separator has-alpha-channel-opacity is-style-dots\" style=\"margin-top:var(--wp--preset--spacing--40);margin-bottom:var(--wp--preset--spacing--40)\"\/>\n<\/div>\n\n\n\n<div class=\"wp-block-group is-layout-constrained wp-block-group-is-layout-constrained\">\n<h4 class=\"wp-block-heading has-black-color has-text-color has-link-color wp-elements-450cb33428d3a909cfe7ba3bf77d3b70\" id=\"carrots\"><strong>Keep Fresh #5 Konservierungs-Workshop<\/strong><\/h4>\n\n\n\n<h6 class=\"wp-block-heading has-tertiary-color has-text-color has-link-color wp-elements-d9f1c40264e86ab7977631981d3c8a30\"><strong>Montag, 14. Juli \/\/ 17:00 &#8211; 20:00<br>T\u00fcwi, D\u00e4nenstra\u00dfe 4\/2, 1190 \/\/ Sprache: Englisch, Deutsch und Polnisch<\/strong><\/h6>\n\n\n\n<p>\u00dcbrig gebliebenes Gem\u00fcse von einem lokalen Bio-Bauern aus dem 22. Bezirk Wiens werden wir gemeinsam verarbeiten und haltbar machen. S\u00fc\u00df-sauer, lecker und lange haltbar. W\u00e4hrend jedes Workshops k\u00f6nnt ihr das Einlegen und\/oder Fermentieren lernen, Gem\u00fcse retten, das sonst im M\u00fcll landen w\u00fcrde, experimentieren, plaudern und euch austauschen.<br>Kommt vorbei, bringt eure eigenen Gl\u00e4ser mit, f\u00fcllt sie mit eingelegtem Gem\u00fcse, nehmt sie mit zur\u00fcck in eure Community und lernt dabei Menschen und Konservierungstechniken kennen. Alle Workshops sind angeleitet, kostenlos und laden Menschen aus allen Hintergr\u00fcnden ein, mitzumachen \u2013 unabh\u00e4ngig von Vorkenntnissen oder Ressourcen.<\/p>\n\n\n\n<p>F\u00fcr weitere Informationen und Anmeldung klicke auf das Bild unten!<\/p>\n\n\n\n<figure class=\"wp-block-image aligncenter size-large\"><a href=\"https:\/\/civilaction.net\/de\/event\/keep-fresh-5-preservation-workshop\/\"><img loading=\"lazy\" decoding=\"async\" width=\"1020\" height=\"1275\" src=\"https:\/\/civilaction.net\/wp-content\/uploads\/KEEP-FRESH-5-edited.jpg\" alt=\"\" class=\"wp-image-1744\" srcset=\"https:\/\/civilaction.net\/wp-content\/uploads\/KEEP-FRESH-5-edited.jpg 1020w, https:\/\/civilaction.net\/wp-content\/uploads\/KEEP-FRESH-5-edited-240x300.jpg 240w, https:\/\/civilaction.net\/wp-content\/uploads\/KEEP-FRESH-5-edited-819x1024.jpg 819w, https:\/\/civilaction.net\/wp-content\/uploads\/KEEP-FRESH-5-edited-768x960.jpg 768w, https:\/\/civilaction.net\/wp-content\/uploads\/KEEP-FRESH-5-edited-10x12.jpg 10w\" sizes=\"auto, (max-width: 1020px) 100vw, 1020px\" \/><\/a><\/figure>\n\n\n\n<hr class=\"wp-block-separator has-alpha-channel-opacity is-style-dots\" style=\"margin-top:var(--wp--preset--spacing--40);margin-bottom:var(--wp--preset--spacing--40)\"\/>\n\n\n\n<h4 class=\"wp-block-heading has-black-color has-text-color has-link-color wp-elements-caeeb4cc55d39d18064e7a27a61567c0\" id=\"noch\"><strong>Noch 2 Wochen Begegnung durch Bewegung 2025<\/strong><\/h4>\n\n\n\n<h6 class=\"wp-block-heading has-tertiary-color has-text-color has-link-color wp-elements-52f403cb2cb3841d89c94dda5f6f3263\"><strong>Mittwoch, 11. Juni \u2013 Freitag, 18. Juli<br>\u00f6ffentliche R\u00e4ume in 1020, 1150, 1160, 1200 \/\/ Sprachen: alle<\/strong><\/h6>\n\n\n\n<p>Wir sind schon \u00fcber die H\u00e4lfte der Begegnung durch Bewegung Workshops in 4 verschiedenen Wiener Bezirken. Im Juni fanden 2 sehr sch\u00f6ne kleine Festivals im \u00f6ffentlichen Raum statt und wir haben rund 500 Menschen erreicht, die aktiv teilgenommen haben, und viele, viele mehr durch Gespr\u00e4che verbunden. Danke an alle, die bisher dabei waren!<br>Aber wir sind noch nicht fertig. Es bleibt noch Zeit, mitzumachen und Teil dieser gemeinsamen Erfahrung des Sich-Bewegens und Begegnens im \u00f6ffentlichen Raum in Wien zu werden.<\/p>\n\n\n\n<p><strong>1150 Reithofferpark: von 18:00 \u2013 20:00<\/strong><br>Montag 07.07 \/\/ Donnerstag 03.07<br><strong>1160 St\u00f6berpark: von 18:00 \u2013 20:00<\/strong><br>Mittwoch 02.07<br><strong>1200 Hugo-Gottschlich Park: von 18:00 \u2013 20:00<\/strong><br>Dienstag 08.07 \/\/ Freitage 04.07 und 11.07<br><strong>1020 Volkertmarkt: von 18:00 \u2013 20:00<\/strong><br>Mittwoche 02.07 und 09.07 und 16.07 \/\/ Freitage 04.07 und 11.07 und 18.07<\/p>\n\n\n\n<figure class=\"wp-block-image aligncenter size-large\"><a href=\"http:\/\/civilaction.net\/de\/bdb25\/\"><img loading=\"lazy\" decoding=\"async\" width=\"819\" height=\"1024\" src=\"https:\/\/civilaction.net\/wp-content\/uploads\/BDB-2025-General-Invitation-Sharepic-819x1024.jpg\" alt=\"\" class=\"wp-image-1745\" srcset=\"https:\/\/civilaction.net\/wp-content\/uploads\/BDB-2025-General-Invitation-Sharepic-819x1024.jpg 819w, https:\/\/civilaction.net\/wp-content\/uploads\/BDB-2025-General-Invitation-Sharepic-240x300.jpg 240w, https:\/\/civilaction.net\/wp-content\/uploads\/BDB-2025-General-Invitation-Sharepic-768x960.jpg 768w, https:\/\/civilaction.net\/wp-content\/uploads\/BDB-2025-General-Invitation-Sharepic-10x12.jpg 10w, https:\/\/civilaction.net\/wp-content\/uploads\/BDB-2025-General-Invitation-Sharepic.jpg 1080w\" sizes=\"auto, (max-width: 819px) 100vw, 819px\" \/><\/a><\/figure>\n\n\n\n<hr class=\"wp-block-separator has-alpha-channel-opacity is-style-dots\" style=\"margin-top:var(--wp--preset--spacing--40);margin-bottom:var(--wp--preset--spacing--40)\"\/>\n\n\n\n<h4 class=\"wp-block-heading has-black-color has-text-color has-link-color wp-elements-61a1c58bd33dd26e58fb0d760b66d437\" id=\"abschluss\">Abschlussveranstaltung von Begegnung durch Bewegung 2025<\/h4>\n\n\n\n<h6 class=\"wp-block-heading has-tertiary-color has-text-color has-link-color wp-elements-edefc7e0ae50e06328576379504ccbde\"><strong>Freitag, 18. Juli \/\/ 16:00 \u2013 20:00<br>Volkertplatz, 1020 Wien (vor dem Jugendtreff alte Trafik)<\/strong><\/h6>\n\n\n\n<p>Eine ganz besondere Einladung geht an euch f\u00fcr unser gemeinsames Abschlussfest am Volkertmarkt am 18. Juli von 16\u201320 Uhr. Gemeinsam blicken wir zur\u00fcck auf die diesj\u00e4hrige Reise, teilen Essen, genie\u00dfen eine Live-Musikperformance und bewegen uns durch einen letzten Workshop der Saison. Es ist eine Feier der Gemeinschaft, der Verbindung und all dessen, was wir gemeinsam aufgebaut haben. Alle sind willkommen \u2013 egal ob ihr bereits bei BDB dabei wart oder neugierig seid, dieses Projekt endlich kennenzulernen.<\/p>\n\n\n\n<figure class=\"wp-block-image aligncenter size-large\"><a href=\"https:\/\/civilaction.net\/de\/event\/meeting-through-movement-1020\/\"><img loading=\"lazy\" decoding=\"async\" width=\"819\" height=\"1024\" src=\"https:\/\/civilaction.net\/wp-content\/uploads\/BDB-2025-02-Leopoldstadt-IG-819x1024.jpg\" alt=\"\" class=\"wp-image-1746\" srcset=\"https:\/\/civilaction.net\/wp-content\/uploads\/BDB-2025-02-Leopoldstadt-IG-819x1024.jpg 819w, https:\/\/civilaction.net\/wp-content\/uploads\/BDB-2025-02-Leopoldstadt-IG-240x300.jpg 240w, https:\/\/civilaction.net\/wp-content\/uploads\/BDB-2025-02-Leopoldstadt-IG-768x960.jpg 768w, https:\/\/civilaction.net\/wp-content\/uploads\/BDB-2025-02-Leopoldstadt-IG-10x12.jpg 10w, https:\/\/civilaction.net\/wp-content\/uploads\/BDB-2025-02-Leopoldstadt-IG.jpg 1080w\" sizes=\"auto, (max-width: 819px) 100vw, 819px\" \/><\/a><\/figure>\n\n\n\n<hr class=\"wp-block-separator has-alpha-channel-opacity is-style-dots\" style=\"margin-top:var(--wp--preset--spacing--40);margin-bottom:var(--wp--preset--spacing--40)\"\/>\n\n\n\n<h4 class=\"wp-block-heading has-black-color has-text-color has-link-color wp-elements-22186183c363cb301589dd37d5bdf781\" id=\"smnl\"><strong>Social Movements Networking Lunch<\/strong><\/h4>\n\n\n\n<h6 class=\"wp-block-heading has-tertiary-color has-text-color has-link-color wp-elements-43ef7866365444bbedef8e40426078a6\"><strong>Freitag, 25. Juli \/\/ 12:30 \u2013 15:00<br>Ochei, Camillo-Sitte-Gasse 1, 1150 \/\/ Sprache: Englisch und Deutsch<\/strong><\/h6>\n\n\n\n<p>An jedem letzten Freitag im Monat organisieren wir ein soziales Treffen mit Menschen, die in verschiedenen sozialen Bewegungen aktiv sind \u2013 wie Klimagerechtigkeit, Demokratie, Migration, Wandel, Stadtinitiativen usw. Das Thema des SMNL in diesem Monat lautet: <strong>Kultur des Feierns: Wie gehst du mit Erfolgsmomenten um?<\/strong><br>Egal ob du aktiv bist oder einfach neugierig \u2013 komm vorbei, genie\u00dfe gutes Essen und interessante Gespr\u00e4che. Wir stellen eine flexible Struktur bereit, die dir hilft, dich zu vernetzen und Ideen auszutauschen.<\/p>\n\n\n\n<p>F\u00fcr weitere Informationen und Anmeldung klicke auf das Bild unten!<\/p>\n\n\n\n<figure class=\"wp-block-image size-large\"><a href=\"https:\/\/civilaction.net\/de\/event\/social-movement-networking-lunch-july\/\"><img loading=\"lazy\" decoding=\"async\" width=\"1024\" height=\"576\" src=\"https:\/\/civilaction.net\/wp-content\/uploads\/EU-funded-SMNL-1024x576.jpg\" alt=\"\" class=\"wp-image-1740\" srcset=\"https:\/\/civilaction.net\/wp-content\/uploads\/EU-funded-SMNL-1024x576.jpg 1024w, https:\/\/civilaction.net\/wp-content\/uploads\/EU-funded-SMNL-300x169.jpg 300w, https:\/\/civilaction.net\/wp-content\/uploads\/EU-funded-SMNL-768x432.jpg 768w, https:\/\/civilaction.net\/wp-content\/uploads\/EU-funded-SMNL-1536x864.jpg 1536w, https:\/\/civilaction.net\/wp-content\/uploads\/EU-funded-SMNL-2048x1152.jpg 2048w, https:\/\/civilaction.net\/wp-content\/uploads\/EU-funded-SMNL-18x10.jpg 18w\" sizes=\"auto, (max-width: 1024px) 100vw, 1024px\" \/><\/a><\/figure>\n\n\n\n<hr class=\"wp-block-separator has-alpha-channel-opacity is-style-dots\" style=\"margin-top:var(--wp--preset--spacing--40);margin-bottom:var(--wp--preset--spacing--40)\"\/>\n<\/div>\n\n\n\n<div class=\"wp-block-group is-layout-constrained wp-block-group-is-layout-constrained\">\n<h4 class=\"wp-block-heading\" id=\"integralead2\"><strong>SAVE THE DATE: Integralead Immersion Weekend II<\/strong><\/h4>\n\n\n\n<h6 class=\"wp-block-heading has-tertiary-color has-text-color has-link-color wp-elements-5c077126cb1ac8b2866597183e421c06\"><strong>Freitag, 19. September \u2013 Sonntag, 21. September<br>Ort: wird noch bekannt gegeben \/\/ Sprache: Englisch<\/strong><\/h6>\n\n\n\n<p>Basierend auf unserem 5-teiligen Online-Training haben wir ein partizipatives, dreit\u00e4giges Pr\u00e4senztraining zur F\u00fchrung entwickelt, in dem wir tief in die feinen F\u00e4higkeiten eintauchen, die f\u00fcr eine effektive geteilte Leitung notwendig sind. Du wirst die M\u00f6glichkeit haben, mit anderen Teilnehmenden und unseren Trainer:innen zu lernen, deine eigenen Erfahrungen einzubringen und langfristige Beziehungen mit Menschen aus unterschiedlichen Bereichen der \u00f6sterreichischen und polnischen Zivilgesellschaft aufzubauen. Das Projekt wird von der EU mitfinanziert, daher k\u00f6nnen wir das Training zu einem erschwinglichen Preis anbieten.<\/p>\n\n\n\n<p>F\u00fcr weitere Informationen und Anmeldung klicke auf das Bild unten!<\/p>\n\n\n\n<figure class=\"wp-block-image size-large\"><a href=\"https:\/\/civilaction.net\/de\/event\/integralead-immersion-weekend\/\"><img loading=\"lazy\" decoding=\"async\" width=\"1024\" height=\"585\" src=\"https:\/\/civilaction.net\/wp-content\/uploads\/integra-we-1024x585.png\" alt=\"\" class=\"wp-image-1747\" srcset=\"https:\/\/civilaction.net\/wp-content\/uploads\/integra-we-1024x585.png 1024w, https:\/\/civilaction.net\/wp-content\/uploads\/integra-we-300x172.png 300w, https:\/\/civilaction.net\/wp-content\/uploads\/integra-we-768x439.png 768w, https:\/\/civilaction.net\/wp-content\/uploads\/integra-we-18x10.png 18w, https:\/\/civilaction.net\/wp-content\/uploads\/integra-we.png 1102w\" sizes=\"auto, (max-width: 1024px) 100vw, 1024px\" \/><\/a><\/figure>\n\n\n\n<hr class=\"wp-block-separator has-alpha-channel-opacity is-style-dots\" style=\"margin-top:var(--wp--preset--spacing--40);margin-bottom:var(--wp--preset--spacing--40)\"\/>\n\n\n\n<h4 class=\"wp-block-heading\" id=\"gathering\"><strong>SAVE THE DATE: <strong>CAN Gathering Herbst 2025<\/strong><\/strong><\/h4>\n\n\n\n<h6 class=\"wp-block-heading has-tertiary-color has-text-color has-link-color wp-elements-bc8ecdf55e4538ba80d5965109d576ae\"><strong>Donnerstag, 6. November \u2013 Sonntag, 9. November<br>Ort: irgendwo in der N\u00e4he von Wien \/\/ Sprache: Englisch, Deutsch<\/strong><\/h6>\n\n\n\n<p>Unser Gathering ist eines der wichtigsten Daten im CAN-Jahr. Egal ob du schon l\u00e4nger Mitglied bist oder gerade erst von uns erfahren hast \u2013 wenn du CAN, seine Menschen und Vision, unsere aktuellen Projekte und M\u00f6glichkeiten zur Mitgestaltung kennenlernen m\u00f6chtest, ist dieses lange Wochenende wahrscheinlich die beste Gelegenheit! Also melde dich an f\u00fcr 3,5 Tage Verbindung, Ko-Kreation, Entspannung und sinnvolle Freude.<\/p>\n\n\n\n<p>F\u00fcr weitere Informationen und Anmeldung klicke auf das Bild unten!<\/p>\n\n\n\n<figure class=\"wp-block-image size-full\"><a href=\"https:\/\/civilaction.net\/de\/event\/can-gathering-autumn-2025\/\"><img decoding=\"async\" src=\"https:\/\/civilaction.net\/wp-content\/uploads\/89879742-6149-4505-9d86-98acf276d43d.png\" alt=\"\" class=\"wp-image-1651\"\/><\/a><\/figure>\n\n\n\n<hr class=\"wp-block-separator has-alpha-channel-opacity is-style-dots\" style=\"margin-top:var(--wp--preset--spacing--40);margin-bottom:var(--wp--preset--spacing--40)\"\/>\n\n\n\n<p><\/p>\n\n\n\n<p><\/p>\n\n\n\n<h4 class=\"wp-block-heading has-text-align-right has-tertiary-background-color has-background has-x-large-font-size\" style=\"margin-top:0;margin-right:0;margin-bottom:0;margin-left:0\"><strong>Vergangene Veranstaltungen<\/strong><\/h4>\n<\/div>\n\n\n\n<div class=\"wp-block-group is-layout-constrained wp-block-group-is-layout-constrained\">\n<h4 class=\"wp-block-heading has-black-color has-text-color has-link-color wp-elements-0db7a21652f0f851dd9f79d32c845748\" id=\"integralead1\"><strong>Integralead Immersion Weekend I<\/strong><\/h4>\n\n\n\n<h6 class=\"wp-block-heading has-tertiary-color has-text-color has-link-color wp-elements-1825b9dd4a1c8c9766ebf01951c01a91\"><strong><strong>Freitag \u2013 Sonntag, 30. Mai \u2013 1. Juni \/\/ Katowice, Polen<\/strong><\/strong><\/h6>\n\n\n\n<p>Ende Mai \/ Anfang Juni reisten Jan und Jonas nach Katowice, um das erste Pr\u00e4senztraining im Rahmen des \u201eIntegralead\u201c-Projekts durchzuf\u00fchren. Gemeinsam mit Joanna und Natalia von unserer Partnerorganisation \u201eStowarzyszenie Lepszy \u015awiat\u201c (Better World Association) begr\u00fc\u00dften sie 11 Teilnehmende und arbeiteten mit ihnen an den 5 wichtigsten Praktiken kollektiver F\u00fchrung.<\/p>\n\n\n\n<p>Klicke <a href=\"https:\/\/civilaction.net\/wp-content\/uploads\/Immersion-Weekend-Recap-Kubra.mp4\" data-type=\"link\" data-id=\"https:\/\/civilaction.net\/wp-content\/uploads\/Immersion-Weekend-Recap-Kubra.mp4%20https:\/\/civilaction.net\/wp-content\/uploads\/Immersion-Weekend-Recap-Laila-1.mp4\">hier <\/a>und <a href=\"https:\/\/civilaction.net\/wp-content\/uploads\/Immersion-Weekend-Recap-Laila-1.mp4\" data-type=\"link\" data-id=\"https:\/\/civilaction.net\/wp-content\/uploads\/Immersion-Weekend-Recap-Kubra.mp4\">hier<\/a>, um ein kurzes Video von zwei Teilnehmenden zu sehen, die \u00fcber ihre Erfahrungen beim Training sprechen.<\/p>\n\n\n\n<figure class=\"wp-block-image size-large\"><img loading=\"lazy\" decoding=\"async\" width=\"1024\" height=\"683\" src=\"https:\/\/civilaction.net\/wp-content\/uploads\/MG_4263-1024x683.jpg\" alt=\"\" class=\"wp-image-1748\" srcset=\"https:\/\/civilaction.net\/wp-content\/uploads\/MG_4263-1024x683.jpg 1024w, https:\/\/civilaction.net\/wp-content\/uploads\/MG_4263-300x200.jpg 300w, https:\/\/civilaction.net\/wp-content\/uploads\/MG_4263-768x512.jpg 768w, https:\/\/civilaction.net\/wp-content\/uploads\/MG_4263-1536x1024.jpg 1536w, https:\/\/civilaction.net\/wp-content\/uploads\/MG_4263-2048x1365.jpg 2048w, https:\/\/civilaction.net\/wp-content\/uploads\/MG_4263-18x12.jpg 18w\" sizes=\"auto, (max-width: 1024px) 100vw, 1024px\" \/><\/figure>\n\n\n\n<hr class=\"wp-block-separator has-alpha-channel-opacity is-style-dots\" style=\"margin-top:var(--wp--preset--spacing--40);margin-bottom:var(--wp--preset--spacing--40)\"\/>\n\n\n\n<h4 class=\"wp-block-heading has-black-color has-text-color has-link-color wp-elements-b38b9c8782dd1eb09af71371f07998b8\" id=\"cmos\"><strong>Das war der 5. Cross Movement Open Space!<\/strong><\/h4>\n\n\n\n<h6 class=\"wp-block-heading has-tertiary-color has-text-color has-link-color wp-elements-4ad1158ab7c5ffea02eaa1e35a3e7151\"><strong><strong>Samstag + Sonntag, 7. + 8. Juni \/\/ 1100 Wien<\/strong><\/strong><\/h6>\n\n\n\n<p>Die 5. Ausgabe des CMOS drehte sich um die Frage: \u201eAngst, Trauer, Ersch\u00f6pfung\u2026 wie k\u00f6nnen wir sie verarbeiten und in positive Visionen verwandeln?\u201c Wieder einmal lud sie aktive Menschen aus verschiedenen sozialen Bewegungen zu zwei Tagen des Lernens und der Verbindung ein. Dieses Mal wurden Jonas, Merle, Jan, Miri, Lilo und Laura im Organisationsteam von Ursula und Romeo unterst\u00fctzt, die bei der Planung und Durchf\u00fchrung des Programms halfen. Dieses Mal kamen rund 40 Menschen am Wochenende vorbei, um sich auszutauschen. Wir konnten viele fruchtbare Diskussionen und Gespr\u00e4che beobachten.<\/p>\n\n\n\n<p>Danke an alle Teilnehmenden f\u00fcr ihre Perspektiven und an alle, die das Event m\u00f6glich gemacht haben \u2013 besonders an unsere Helping Hands!<\/p>\n\n\n\n<figure class=\"wp-block-image size-large\"><a href=\"https:\/\/civilaction.net\/de\/event\/cross-movement-open-space-june-2025\/\"><img loading=\"lazy\" decoding=\"async\" width=\"2560\" height=\"1920\" src=\"https:\/\/civilaction.net\/wp-content\/uploads\/Credits_to_Civil_Action_Network-25-edited-scaled.jpg\" alt=\"\" class=\"wp-image-1750\" srcset=\"https:\/\/civilaction.net\/wp-content\/uploads\/Credits_to_Civil_Action_Network-25-edited-scaled.jpg 2560w, https:\/\/civilaction.net\/wp-content\/uploads\/Credits_to_Civil_Action_Network-25-edited-300x225.jpg 300w, https:\/\/civilaction.net\/wp-content\/uploads\/Credits_to_Civil_Action_Network-25-edited-1024x768.jpg 1024w, https:\/\/civilaction.net\/wp-content\/uploads\/Credits_to_Civil_Action_Network-25-edited-768x576.jpg 768w, https:\/\/civilaction.net\/wp-content\/uploads\/Credits_to_Civil_Action_Network-25-edited-1536x1152.jpg 1536w, https:\/\/civilaction.net\/wp-content\/uploads\/Credits_to_Civil_Action_Network-25-edited-2048x1536.jpg 2048w, https:\/\/civilaction.net\/wp-content\/uploads\/Credits_to_Civil_Action_Network-25-edited-16x12.jpg 16w\" sizes=\"auto, (max-width: 2560px) 100vw, 2560px\" \/><\/a><\/figure>\n\n\n\n<hr class=\"wp-block-separator has-alpha-channel-opacity is-style-dots\" style=\"margin-top:var(--wp--preset--spacing--40);margin-bottom:var(--wp--preset--spacing--40)\"\/>\n<\/div>\n\n\n\n<div class=\"wp-block-group is-layout-constrained wp-block-group-is-layout-constrained\">\n<h4 class=\"wp-block-heading has-black-color has-text-color has-link-color wp-elements-d659bb8f852a8bf220e472b4b8a65ef4\" id=\"workshop\"><strong>Workshop: Wie beantrage ich F\u00f6rdermittel?<\/strong><\/h4>\n\n\n\n<h6 class=\"wp-block-heading has-tertiary-color has-text-color has-link-color wp-elements-5af46c8d0b6ccf6536ba79f60c857cd6\"><strong><strong>Dienstag, 24. Juni \/\/ Amerlinghaus, 1070<\/strong><\/strong><\/h6>\n\n\n\n<p>Ende Juni trafen sich Community-Mitglieder und individuelle Projektmacher:innen von  <a href=\"https:\/\/wirmachen.wien\/kalender\/entry\/583\/\">Wir Machen Wien<\/a> im Amerlinghaus zu einem zweist\u00fcndigen Workshop, geleitet von Dani und Jan. Sie pr\u00e4sentierten umfassende \u00dcbersichten \u00fcber mehrere F\u00f6rderlinien \u2013 haupts\u00e4chlich von der Stadt Wien \u2013 und f\u00fchrten die Teilnehmenden durch bew\u00e4hrte Praktiken beim Schreiben von F\u00f6rderantr\u00e4gen.<br>Nach den Pr\u00e4sentationen tauschten die Teilnehmenden ihre eigenen Erfahrungen aus, gaben praktische Tipps weiter und diskutierten erfolgreiche Antragsstrategien. Vertreter:innen der Wir Machen Wien Community brachten Einblicke aus verschiedenen Wiener Bezirken ein und bereicherten den Austausch mit realen Beispielen. <br>Das offene Format f\u00f6rderte ein lebendiges Networking und hinterlie\u00df alle inspiriert, ihre Projekte k\u00fcnftig erfolgreicher zu f\u00f6rdern.<\/p>\n\n\n\n<hr class=\"wp-block-separator has-alpha-channel-opacity is-style-dots\" style=\"margin-top:var(--wp--preset--spacing--40);margin-bottom:var(--wp--preset--spacing--40)\"\/>\n<\/div>\n\n\n\n<p><\/p>","protected":false},"excerpt":{"rendered":"<p>Liebe*r Leser*in! Der Sommer ist in vollem Gange und wir begeben uns auf die Zielgerade vor der Sommerpause. Im Juli haben wir noch ein reichhaltiges Programm f\u00fcr dich: die 2. H\u00e4lfte von Begegnung durch Bewegung l\u00e4dt Menschen in Wien ein, sich im und mit dem \u00f6ffentlichen Raum zu verbinden, eine weitere Runde der Integralead Essentials [&hellip;]<\/p>","protected":false},"author":7,"featured_media":0,"comment_status":"open","ping_status":"open","sticky":false,"template":"","format":"standard","meta":{"_acf_changed":false,"give_campaign_id":0,"footnotes":""},"categories":[131],"tags":[],"topic":[],"class_list":["post-1727","post","type-post","status-publish","format-standard","hentry","category-newsletter-collection"],"acf":[],"_links":{"self":[{"href":"https:\/\/civilaction.net\/de\/wp-json\/wp\/v2\/posts\/1727","targetHints":{"allow":["GET"]}}],"collection":[{"href":"https:\/\/civilaction.net\/de\/wp-json\/wp\/v2\/posts"}],"about":[{"href":"https:\/\/civilaction.net\/de\/wp-json\/wp\/v2\/types\/post"}],"author":[{"embeddable":true,"href":"https:\/\/civilaction.net\/de\/wp-json\/wp\/v2\/users\/7"}],"replies":[{"embeddable":true,"href":"https:\/\/civilaction.net\/de\/wp-json\/wp\/v2\/comments?post=1727"}],"version-history":[{"count":4,"href":"https:\/\/civilaction.net\/de\/wp-json\/wp\/v2\/posts\/1727\/revisions"}],"predecessor-version":[{"id":1754,"href":"https:\/\/civilaction.net\/de\/wp-json\/wp\/v2\/posts\/1727\/revisions\/1754"}],"wp:attachment":[{"href":"https:\/\/civilaction.net\/de\/wp-json\/wp\/v2\/media?parent=1727"}],"wp:term":[{"taxonomy":"category","embeddable":true,"href":"https:\/\/civilaction.net\/de\/wp-json\/wp\/v2\/categories?post=1727"},{"taxonomy":"post_tag","embeddable":true,"href":"https:\/\/civilaction.net\/de\/wp-json\/wp\/v2\/tags?post=1727"},{"taxonomy":"topic","embeddable":true,"href":"https:\/\/civilaction.net\/de\/wp-json\/wp\/v2\/topic?post=1727"}],"curies":[{"name":"wp","href":"https:\/\/api.w.org\/{rel}","templated":true}]}}