{"id":1657,"date":"2025-05-30T19:40:26","date_gmt":"2025-05-30T18:40:26","guid":{"rendered":"https:\/\/civilaction.net\/?p=1657"},"modified":"2025-06-25T14:35:06","modified_gmt":"2025-06-25T13:35:06","slug":"newsletter-juni-2025","status":"publish","type":"post","link":"https:\/\/civilaction.net\/de\/2025\/05\/newsletter-juni-2025\/","title":{"rendered":"Juni 2025, Newsletter"},"content":{"rendered":"<p>Liebe*r Leser*in!<\/p>\n\n\n\n<p>Der Mai war intensiv \u2013 und richtig sch\u00f6n! Beim diesj\u00e4hrigen <a href=\"#gathering\" data-type=\"internal\" data-id=\"#gathering\">CAN Gathering<\/a> haben wir zusammen gelacht, diskutiert, gekocht, reflektiert und gesungen. Danke an alle, die dabei waren und das Wochenende so lebendig gemacht haben! F\u00fcr uns im Team war es eine kraftvolle Erinnerung daran, warum wir tun, was wir tun \u2013 und mit wem.<\/p>\n\n\n\n<p>Jetzt blicken wir mit frischer Energie auf die n\u00e4chsten Wochen:<br>Mit dem <a href=\"#cmos\" data-type=\"internal\" data-id=\"#cmos\">5th Cross Movement Open Space <\/a>steht ein weiteres Highlight vor der T\u00fcr \u2013 ein Raum f\u00fcr Austausch und Vernetzung zwischen sozialen Bewegungen, Organisationen und Einzelpersonen. Es wird praktisch, politisch, pers\u00f6nlich \u2013 und offen f\u00fcr alle, die am Wandel mitwirken.<\/p>\n\n\n\n<p>Auch sonst ist einiges los: Die zweite Runde von<a href=\"#Integralead\" data-type=\"internal\" data-id=\"#Integralead\"> Integralead Essentials<\/a> startet bald, wir laden zum n\u00e4chsten <a href=\"#stammtisch\" data-type=\"internal\" data-id=\"#stammtisch\">Stammtisch <\/a>und einem praxisnahen <a href=\"#workshop\" data-type=\"internal\" data-id=\"#workshop\">Workshop zur F\u00f6rderantragsstellung<\/a> ein. <a href=\"#bdb\" data-type=\"internal\" data-id=\"#bdb\">Begegnung durch Bewegung 2025<\/a><strong> <\/strong>startet diesen Monat und es gibt diesmal gleich zwei Er\u00f6ffnungsveranstaltungen! Und auch f\u00fcr den Sommer und Herbst wird schon geplant: Save the Date f\u00fcr unser <a href=\"#cantogether\" data-type=\"internal\" data-id=\"#cantogether\">CANtogether <\/a>und das n\u00e4chste <a href=\"#gathering\" data-type=\"internal\" data-id=\"#gathering\">CAN Gathering!<\/a><\/p>\n\n\n\n<p>Alles Liebe und viel Spa\u00df beim Lesen,<\/p>\n\n\n\n<p>Lilo<\/p>\n\n\n\n<p><\/p>\n\n\n\n<h6 class=\"wp-block-heading\">Dieser Newsletter:<\/h6>\n\n\n\n<p><strong>Kommende Veranstaltungen: <\/strong><\/p>\n\n\n\n<ul class=\"wp-block-list\">\n<li><a href=\"#cmos\" data-type=\"internal\" data-id=\"#cmos\">5. Cross Movement Open Space<\/a><\/li>\n\n\n\n<li><a href=\"#bdb\" data-type=\"internal\" data-id=\"#bdb\">Begegnung durch Bewegung 2025!<\/a><\/li>\n\n\n\n<li><a href=\"#stammtisch\" data-type=\"internal\" data-id=\"#Stammtisch\">Juni Stammtisch<\/a><\/li>\n\n\n\n<li><a href=\"#workshop\" data-type=\"internal\" data-id=\"#workshop\">Workshop: Wie beantrage ich F\u00f6rdermittel?<\/a><\/li>\n\n\n\n<li><a href=\"#Integralead\" data-type=\"internal\" data-id=\"#Integralead\">Integralead Essentials, 2. Runde<\/a><\/li>\n\n\n\n<li><a href=\"#cantogether\" data-type=\"internal\" data-id=\"#cantogether\">SAVE THE DATE: CANtogether<\/a><\/li>\n<\/ul>\n\n\n\n<p><strong>Vergangene Veranstaltungen:<\/strong><\/p>\n\n\n\n<ul class=\"wp-block-list\">\n<li><a href=\"#gathering\" data-type=\"internal\" data-id=\"#gathering\">Das war das CAN Gathering!<\/a><\/li>\n<\/ul>\n\n\n\n<p><\/p>\n\n\n\n<h4 class=\"wp-block-heading has-text-align-right has-tertiary-background-color has-background has-x-large-font-size\" style=\"margin-top:0;margin-right:0;margin-bottom:0;margin-left:0\"><strong>Kommende Veranstaltungen<\/strong><\/h4>\n\n\n\n<p><\/p>\n\n\n\n<div class=\"wp-block-group is-layout-constrained wp-block-group-is-layout-constrained\">\n<h4 class=\"wp-block-heading has-black-color has-text-color has-link-color wp-elements-bd87f82708d0ccf7ead923f1b86afca0\" id=\"cmos\">5th Cross Movement Open Space<\/h4>\n\n\n\n<h6 class=\"wp-block-heading has-tertiary-color has-text-color has-link-color wp-elements-6b76be60633354567c87df2a34e49346\"><strong>Samstag + Sonntag, 7. + 8. Juni \/\/ 10:00 &#8211; 18:00<br>Le+O Waldkloster, Gellertplatz 7, 1100\u00a0 \/\/\u00a0 Sprache: Englisch und Deutsch<\/strong><\/h6>\n\n\n\n<p>Hier eine letzte Erinnerung an unsere kommende CMOS-Ausgabe! Verschiedene Vertreter*innen von Initiativen aus unterschiedlichen sozialen Bewegungen werden sich treffen, um sich \u00fcber das Thema \u201eAngst, Trauer, Ersch\u00f6pfung&#8230; wie k\u00f6nnen wir sie verarbeiten und in positive Visionen umwandeln?\u201c auszutauschen, neue und bekannte Menschen aus anderen Gruppen kennenzulernen und herauszufinden, wie Zusammenarbeit und das Teilen von Ressourcen unsere Bewegungen f\u00fcr eine friedliche, gerechte und gesunde Welt st\u00e4rken k\u00f6nnen.<\/p>\n\n\n\n<p>Klicke auf das Bild unten, um zur Website mit allen Infos zu finden, leite den Link an Personen\/ Gruppen weiter, die du in diesem Vernetzungsraum partizipieren siehst und lass uns \u00fcber das Anmeldeformular wissen, wenn du dabei sein m\u00f6chtest!<\/p>\n\n\n\n<figure class=\"wp-block-image size-large\"><a href=\"https:\/\/civilaction.net\/de\/event\/cross-movement-open-space-june-2025\/\"><img loading=\"lazy\" decoding=\"async\" width=\"1024\" height=\"576\" src=\"https:\/\/civilaction.net\/wp-content\/uploads\/cmos-DE-1024x576.jpg\" alt=\"\" class=\"wp-image-1658\" srcset=\"https:\/\/civilaction.net\/wp-content\/uploads\/cmos-DE-1024x576.jpg 1024w, https:\/\/civilaction.net\/wp-content\/uploads\/cmos-DE-300x169.jpg 300w, https:\/\/civilaction.net\/wp-content\/uploads\/cmos-DE-768x432.jpg 768w, https:\/\/civilaction.net\/wp-content\/uploads\/cmos-DE-1536x864.jpg 1536w, https:\/\/civilaction.net\/wp-content\/uploads\/cmos-DE-2048x1152.jpg 2048w, https:\/\/civilaction.net\/wp-content\/uploads\/cmos-DE-18x10.jpg 18w\" sizes=\"auto, (max-width: 1024px) 100vw, 1024px\" \/><\/a><\/figure>\n\n\n\n<hr class=\"wp-block-separator has-alpha-channel-opacity is-style-dots\" style=\"margin-top:var(--wp--preset--spacing--40);margin-bottom:var(--wp--preset--spacing--40)\"\/>\n<\/div>\n\n\n\n<div class=\"wp-block-group is-layout-constrained wp-block-group-is-layout-constrained\">\n<h4 class=\"wp-block-heading has-black-color has-text-color has-link-color wp-elements-dab131bc5a1b3cdfecf5cd5ff9e3dcd5\" id=\"bdb\">Begegnung durch Bewegung 2025!<\/h4>\n\n\n\n<h6 class=\"wp-block-heading has-tertiary-color has-text-color has-link-color wp-elements-1175ab536e4102a901baee376ece1d22\">Mittwoch, 11.Juni &#8211; Freitag 18.Juli<br>\u00f6ffentliche R\u00e4ume in 1020, 1150, 1160, 1200 \/\/ Sprachen: beliebig<\/h6>\n\n\n\n<p>Das Projekt \u201eBegegnung durch Bewegung\u201c startet in diesem Sommer zum f\u00fcnften Mal. Wir werden 32 kostenlose Bewegungsworkshops in vier Bezirken anbieten: 1020, 1150, 1160 und 1200. \u201eWir versuchen, mit Elementen der Bewegung und des Tanzes die Menschen f\u00fcr ihr eigenes K\u00f6rperbewusstsein, ihr Umfeld und die Gemeinschaft um sie herum zu sensibilisieren\u201c, erkl\u00e4rt eine professionelle Tanzp\u00e4dagogin. Wir werden zwei Er\u00f6ffnungstage haben, an denen wir l\u00e4nger in den Parks sein werden &#8211; mit Essen, Workshops und Spa\u00df. Macht mit! <br>Mittwoch 11. Juni | 16:00 &#8211; 20:00 Uhr im St\u00f6berpark, 1160 Ottakring<br>Montag 16. Juni | 16:00 &#8211; 20:00 Uhr im Reithofferpark, 1150 Rudolfsheim-F\u00fcnfhaus<\/p>\n\n\n\n<p>Die Teilnahme ist offen f\u00fcr alle und kostenlos. Wer nur zuschauen will oder kann, ist ebenfalls willkommen. Die Hauptsache ist, man ist dabei! F\u00fcr weitere Informationen und alle Workshop-Termine klicke auf das Bild unten!<\/p>\n\n\n\n<figure class=\"wp-block-image size-large\"><a href=\"http:\/\/civilaction.net\/de\/bdb25\/\"><img loading=\"lazy\" decoding=\"async\" width=\"1024\" height=\"576\" src=\"https:\/\/civilaction.net\/wp-content\/uploads\/BDB-general-2025-_-banner-_-DE-1024x576.jpg\" alt=\"\" class=\"wp-image-1677\" srcset=\"https:\/\/civilaction.net\/wp-content\/uploads\/BDB-general-2025-_-banner-_-DE-1024x576.jpg 1024w, https:\/\/civilaction.net\/wp-content\/uploads\/BDB-general-2025-_-banner-_-DE-300x169.jpg 300w, https:\/\/civilaction.net\/wp-content\/uploads\/BDB-general-2025-_-banner-_-DE-768x432.jpg 768w, https:\/\/civilaction.net\/wp-content\/uploads\/BDB-general-2025-_-banner-_-DE-1536x864.jpg 1536w, https:\/\/civilaction.net\/wp-content\/uploads\/BDB-general-2025-_-banner-_-DE-18x10.jpg 18w, https:\/\/civilaction.net\/wp-content\/uploads\/BDB-general-2025-_-banner-_-DE.jpg 1920w\" sizes=\"auto, (max-width: 1024px) 100vw, 1024px\" \/><\/a><\/figure>\n\n\n\n<hr class=\"wp-block-separator has-alpha-channel-opacity is-style-dots\" style=\"margin-top:var(--wp--preset--spacing--40);margin-bottom:var(--wp--preset--spacing--40)\"\/>\n\n\n\n<h4 class=\"wp-block-heading has-black-color has-text-color has-link-color wp-elements-390841cd4ac3561850be5a167d2f0233\" id=\"stammtisch\">Juni Stammtisch<\/h4>\n\n\n\n<h6 class=\"wp-block-heading has-tertiary-color has-text-color has-link-color wp-elements-dc02ec4fd7c2afcaf586624912bb4a88\"><strong>Donnerstag, 12. Juni \/\/ 19:00 &#8211; offenes Ende<\/strong><br><strong>Ochei, Camillo-Sitte-Gasse 1, 1150\u00a0 \/\/ Sprache: Englisch, Deutsch und Polnisch<\/strong><\/h6>\n\n\n\n<p>Komme zum Stammtisch, unserem monatlichen Treffen, bei dem wir uns dar\u00fcber austauschen, was in und um CAN passiert. Es ist ein entspannter Ort, an dem du uns informell kennenlernen kannst, dich \u00fcber laufende Projekte informieren kannst und M\u00f6glichkeiten entdecken kannst, dich einzubringen. Egal, ob du ein spezifisches Interesse am Civil Action Network hast oder dich einfach mit Gleichgesinnten austauschen m\u00f6chtest, der Stammtisch ist der perfekte Ausgangspunkt.\u00a0<\/p>\n\n\n\n<p>F\u00fcr weitere Informationen und die Anmeldung klicke auf das Bild unten!<\/p>\n\n\n\n<figure class=\"wp-block-image size-large\"><a href=\"https:\/\/civilaction.net\/de\/event\/stammtisch-june-2025\/\"><img loading=\"lazy\" decoding=\"async\" width=\"1024\" height=\"576\" src=\"https:\/\/civilaction.net\/wp-content\/uploads\/Stammtisch-2025_06-1-1024x576.png\" alt=\"\" class=\"wp-image-1661\" srcset=\"https:\/\/civilaction.net\/wp-content\/uploads\/Stammtisch-2025_06-1-1024x576.png 1024w, https:\/\/civilaction.net\/wp-content\/uploads\/Stammtisch-2025_06-1-300x169.png 300w, https:\/\/civilaction.net\/wp-content\/uploads\/Stammtisch-2025_06-1-768x432.png 768w, https:\/\/civilaction.net\/wp-content\/uploads\/Stammtisch-2025_06-1-1536x864.png 1536w, https:\/\/civilaction.net\/wp-content\/uploads\/Stammtisch-2025_06-1-18x10.png 18w, https:\/\/civilaction.net\/wp-content\/uploads\/Stammtisch-2025_06-1.png 1920w\" sizes=\"auto, (max-width: 1024px) 100vw, 1024px\" \/><\/a><\/figure>\n\n\n\n<hr class=\"wp-block-separator has-alpha-channel-opacity is-style-dots\" style=\"margin-top:var(--wp--preset--spacing--40);margin-bottom:var(--wp--preset--spacing--40)\"\/>\n<\/div>\n\n\n\n<div class=\"wp-block-group is-layout-constrained wp-block-group-is-layout-constrained\">\n<h4 class=\"wp-block-heading\" id=\"workshop\">Workshop: Wie beantrage ich F\u00f6rdermittel?<\/h4>\n\n\n\n<h6 class=\"wp-block-heading has-tertiary-color has-text-color has-link-color wp-elements-55359b5ca960427688bd78bc8f9f1d7b\"><strong>Dienstag, 24. Juni \/\/ 19:00 &#8211; 21:00<br>Amerlinghaus, Stiftgasse 8, 1070 \u00a0\/\/ \u00a0Sprachen: Englisch und Deutsch<\/strong><\/h6>\n\n\n\n<p>Hast du oder deine Initiative eine gute Idee, aber es fehlt das n\u00f6tige Budget?<br>Auf Einladung unserer Freunde von <a href=\"https:\/\/wirmachen.wien\/kalender\/entry\/583\/\">Wir Machen Wien<\/a> werden Dani und Jan im Rahmen ihres regelm\u00e4\u00dfigen Hintenzimmers einen Workshop zum Thema &#8220;Finanzierung f\u00fcr lokale Initiativen&#8221; leiten. Es wird einen guten \u00dcberblick \u00fcber einige F\u00f6rderlinien, vor allem von der Stadt Wien, geben. Teilnehmer*innen sind eingeladen, Erfahrungen und Ans\u00e4tze zum Schreiben von F\u00f6rderungen auszutauschen und zu diskutieren. Beim Workshop werden Mitglieder der WMW-Gemeinschaft dabei sein, die verschiedene lokal aktive Gruppen in Wien vertreten. Der Workshop ist aber offen f\u00fcr alle \u2013 also f\u00fchl dich herzlich eingeladen, selbst teilzunehmen oder die Info an jemanden weiterzugeben, der davon profitieren k\u00f6nnte.<\/p>\n\n\n\n<hr class=\"wp-block-separator has-alpha-channel-opacity is-style-dots\" style=\"margin-top:var(--wp--preset--spacing--40);margin-bottom:var(--wp--preset--spacing--40)\"\/>\n\n\n\n<h4 class=\"wp-block-heading\" id=\"Integralead\">Integralead Essentials, 2. Runde<\/h4>\n\n\n\n<h6 class=\"wp-block-heading has-tertiary-color has-text-color has-link-color wp-elements-6b4b04dfa4547b89db377fbefb7020e2\"><strong>Dienstags, 1., 8., 15., 22., 29.Juli \/\/ 18:00 &#8211; 20:30<br>Online \/\/ Sprache: Englisch<\/strong><\/h6>\n\n\n\n<p>Nach einer erfolgreichen ersten Runde unseres Online-Trainings zu F\u00fchrungskompetenzen bieten wir im Juli eine zweite Runde an! Wenn du Verantwortung in einer B\u00fcrger*innen-Initiative oder Graswurzelbewegung \u00fcbernimmst und lernen m\u00f6chtest, wie du andere besser dazu erm\u00e4chtigen kannst, sich f\u00fcr eure gemeinsamen Ziele einzusetzen, laden wir dich ein, dir das Programm anzuschauen und an den Dienstagabenden im Juli teilzunehmen. Wir behandeln Themen wie F\u00fchrung \u00fcbernehmen, die Einf\u00fchrung einer Feedback-Kultur, die Schaffung von Strukturen, die eine einfache Zusammenarbeit unterst\u00fctzen, die St\u00e4rkung anderer und die Entwicklung von Strategien. Es ist m\u00f6glich, an einzelnen Sitzungen teilzunehmen.<\/p>\n\n\n\n<p>F\u00fcr weitere Informationen und die Anmeldung klicke auf das Bild unten!<\/p>\n\n\n\n<figure class=\"wp-block-image size-large\"><img loading=\"lazy\" decoding=\"async\" width=\"1024\" height=\"575\" src=\"https:\/\/civilaction.net\/wp-content\/uploads\/integralead-essentials-juli-1024x575.png\" alt=\"\" class=\"wp-image-1662\" srcset=\"https:\/\/civilaction.net\/wp-content\/uploads\/integralead-essentials-juli-1024x575.png 1024w, https:\/\/civilaction.net\/wp-content\/uploads\/integralead-essentials-juli-300x168.png 300w, https:\/\/civilaction.net\/wp-content\/uploads\/integralead-essentials-juli-768x431.png 768w, https:\/\/civilaction.net\/wp-content\/uploads\/integralead-essentials-juli-18x10.png 18w, https:\/\/civilaction.net\/wp-content\/uploads\/integralead-essentials-juli.png 1119w\" sizes=\"auto, (max-width: 1024px) 100vw, 1024px\" \/><\/figure>\n\n\n\n<hr class=\"wp-block-separator has-alpha-channel-opacity is-style-dots\" style=\"margin-top:var(--wp--preset--spacing--40);margin-bottom:var(--wp--preset--spacing--40)\"\/>\n\n\n\n<h4 class=\"wp-block-heading\" id=\"cantogether\">SAVE THE DATE \u2013 CANtogether<\/h4>\n\n\n\n<h6 class=\"wp-block-heading has-tertiary-color has-text-color has-link-color wp-elements-c8e48ecd87a27d6dff0d115fed6db638\"><strong>Samstag, 5.Juli \/\/ 15:00 &#8211; offenes Ende<\/strong><br><strong>Young Caritas ActionFabrik, Heiligenst\u00e4dter Str. 31, G\u00fcrtelbogen 353, 1190 \/\/ Sprachen: Englisch und Deutsch<\/strong><\/h6>\n\n\n\n<p>Wir laden euch herzlich ein, am 5. Juli bei der Sommerausgabe unseres viertelj\u00e4hrlichen Community-Treffens CANtogether dabei zu sein. Egal ob ihr schon lange dabei seid, uns unterst\u00fctzt oder einfach neugierig seid, was wir machen \u2013 kommt vorbei und verbringt einen inspirierenden Abend mit uns! Workshop in dieser Ausgabe:<br>\u201eResilienz st\u00e4rken in Zeiten multipler Krisen\u201c \u2013 Jan l\u00e4dt uns ein, individuelle und Gruppenperspektiven zur emotionalen Resilienz zu erkunden. Wie immer wird es leckeres Essen und viel Raum f\u00fcr bedeutungsvolle Gespr\u00e4che und echte Begegnungen geben.<\/p>\n\n\n\n<p>F\u00fcr weitere Informationen und die Anmeldung klicke auf das Bild unten!<\/p>\n\n\n\n<figure class=\"wp-block-image size-large\"><a href=\"https:\/\/civilaction.net\/de\/event\/cantogether-july-2025\/\"><img loading=\"lazy\" decoding=\"async\" width=\"1024\" height=\"512\" src=\"https:\/\/civilaction.net\/wp-content\/uploads\/IG-CANtogether-05.07-1024x512.jpg\" alt=\"\" class=\"wp-image-1663\" srcset=\"https:\/\/civilaction.net\/wp-content\/uploads\/IG-CANtogether-05.07-1024x512.jpg 1024w, https:\/\/civilaction.net\/wp-content\/uploads\/IG-CANtogether-05.07-300x150.jpg 300w, https:\/\/civilaction.net\/wp-content\/uploads\/IG-CANtogether-05.07-768x384.jpg 768w, https:\/\/civilaction.net\/wp-content\/uploads\/IG-CANtogether-05.07-1536x768.jpg 1536w, https:\/\/civilaction.net\/wp-content\/uploads\/IG-CANtogether-05.07-2048x1024.jpg 2048w, https:\/\/civilaction.net\/wp-content\/uploads\/IG-CANtogether-05.07-18x9.jpg 18w\" sizes=\"auto, (max-width: 1024px) 100vw, 1024px\" \/><\/a><\/figure>\n\n\n\n<hr class=\"wp-block-separator has-alpha-channel-opacity is-style-dots\" style=\"margin-top:var(--wp--preset--spacing--40);margin-bottom:var(--wp--preset--spacing--40)\"\/>\n\n\n\n<p><\/p>\n\n\n\n<p><\/p>\n<\/div>\n\n\n\n<h4 class=\"wp-block-heading has-text-align-right has-tertiary-background-color has-background has-x-large-font-size\" style=\"margin-top:0;margin-right:0;margin-bottom:0;margin-left:0\"><strong>Vergangene Veranstaltungen<\/strong><\/h4>\n\n\n\n<p><\/p>\n\n\n\n<div class=\"wp-block-group is-layout-constrained wp-block-group-is-layout-constrained\">\n<h4 class=\"wp-block-heading has-black-color has-text-color has-link-color wp-elements-29ad84b034a8ca1635bd382b688f7737\" id=\"gathering\">Das war das CAN Gathering!<\/h4>\n\n\n\n<h6 class=\"wp-block-heading has-tertiary-color has-text-color has-link-color wp-elements-bd8ea5b50764827f790f9c18d3ff68d0\"><strong>Donnerstag &#8211; Sonntag, 15. bis 18. Mai \/\/ Hofkollektiv Zwetschke, 3931 Schweiggers<\/strong><\/h6>\n\n\n\n<p>In wundersch\u00f6ner Natur haben wir 3.5 Tage in einer Gruppe von 14 Personen verbracht, die gemein haben, dass die Werte vom Civil Action Network mit ihren Werten resonieren. Wir haben einander besser kennengelernt und gemeinsam exploriert, ob ein Interesse da ist, sich im Verein zu engagieren. Dies inkludierte Kayakfahren, gemeisnames Singen, Nachtspazierg\u00e4nge durch den Wald, kollektives Kochen und Essen und spannende Diskussionen. Danke an alle, die dabei waren f\u00fcr diese gelungenen Tage!<\/p>\n\n\n\n<p>Die n\u00e4chste Gelegenheit, am CAN Gathering teilzunehmen, ist vom 6. bis 9. November. F\u00fcr mehr Infos und die Anmeldung klicke auf das Bild!<\/p>\n\n\n\n<figure class=\"wp-block-image size-large\"><a href=\"https:\/\/civilaction.net\/de\/event\/can-gathering-autumn-2025\/\"><img loading=\"lazy\" decoding=\"async\" width=\"1024\" height=\"682\" src=\"https:\/\/civilaction.net\/wp-content\/uploads\/CAN-Gathering-MAy-2025-1024x682.jpg\" alt=\"\" class=\"wp-image-1679\" srcset=\"https:\/\/civilaction.net\/wp-content\/uploads\/CAN-Gathering-MAy-2025-1024x682.jpg 1024w, https:\/\/civilaction.net\/wp-content\/uploads\/CAN-Gathering-MAy-2025-300x200.jpg 300w, https:\/\/civilaction.net\/wp-content\/uploads\/CAN-Gathering-MAy-2025-768x512.jpg 768w, https:\/\/civilaction.net\/wp-content\/uploads\/CAN-Gathering-MAy-2025-1536x1024.jpg 1536w, https:\/\/civilaction.net\/wp-content\/uploads\/CAN-Gathering-MAy-2025-18x12.jpg 18w, https:\/\/civilaction.net\/wp-content\/uploads\/CAN-Gathering-MAy-2025.jpg 2000w\" sizes=\"auto, (max-width: 1024px) 100vw, 1024px\" \/><\/a><\/figure>\n\n\n\n<hr class=\"wp-block-separator has-alpha-channel-opacity is-style-dots\" style=\"margin-top:var(--wp--preset--spacing--40);margin-bottom:var(--wp--preset--spacing--40)\"\/>\n\n\n\n<p><\/p>\n<\/div>","protected":false},"excerpt":{"rendered":"<p>Liebe*r Leser*in! Der Mai war intensiv \u2013 und richtig sch\u00f6n! Beim diesj\u00e4hrigen CAN Gathering haben wir zusammen gelacht, diskutiert, gekocht, reflektiert und gesungen. Danke an alle, die dabei waren und das Wochenende so lebendig gemacht haben! F\u00fcr uns im Team war es eine kraftvolle Erinnerung daran, warum wir tun, was wir tun \u2013 und mit [&hellip;]<\/p>","protected":false},"author":7,"featured_media":0,"comment_status":"open","ping_status":"open","sticky":false,"template":"","format":"standard","meta":{"_acf_changed":false,"give_campaign_id":0,"footnotes":""},"categories":[131],"tags":[],"topic":[],"class_list":["post-1657","post","type-post","status-publish","format-standard","hentry","category-newsletter-collection"],"acf":[],"_links":{"self":[{"href":"https:\/\/civilaction.net\/de\/wp-json\/wp\/v2\/posts\/1657","targetHints":{"allow":["GET"]}}],"collection":[{"href":"https:\/\/civilaction.net\/de\/wp-json\/wp\/v2\/posts"}],"about":[{"href":"https:\/\/civilaction.net\/de\/wp-json\/wp\/v2\/types\/post"}],"author":[{"embeddable":true,"href":"https:\/\/civilaction.net\/de\/wp-json\/wp\/v2\/users\/7"}],"replies":[{"embeddable":true,"href":"https:\/\/civilaction.net\/de\/wp-json\/wp\/v2\/comments?post=1657"}],"version-history":[{"count":7,"href":"https:\/\/civilaction.net\/de\/wp-json\/wp\/v2\/posts\/1657\/revisions"}],"predecessor-version":[{"id":1680,"href":"https:\/\/civilaction.net\/de\/wp-json\/wp\/v2\/posts\/1657\/revisions\/1680"}],"wp:attachment":[{"href":"https:\/\/civilaction.net\/de\/wp-json\/wp\/v2\/media?parent=1657"}],"wp:term":[{"taxonomy":"category","embeddable":true,"href":"https:\/\/civilaction.net\/de\/wp-json\/wp\/v2\/categories?post=1657"},{"taxonomy":"post_tag","embeddable":true,"href":"https:\/\/civilaction.net\/de\/wp-json\/wp\/v2\/tags?post=1657"},{"taxonomy":"topic","embeddable":true,"href":"https:\/\/civilaction.net\/de\/wp-json\/wp\/v2\/topic?post=1657"}],"curies":[{"name":"wp","href":"https:\/\/api.w.org\/{rel}","templated":true}]}}